{"id":501187,"date":"2025-10-31T01:18:23","date_gmt":"2025-10-31T01:18:23","guid":{"rendered":"https:\/\/www.europesays.com\/fr\/501187\/"},"modified":"2025-10-31T01:18:23","modified_gmt":"2025-10-31T01:18:23","slug":"il-faut-creer-ce-reflexe-notaire-laetitia-jossier-nouvelle-presidente-de-la-cin-de-lyon-presente-sa-feuille-de-route","status":"publish","type":"post","link":"https:\/\/www.europesays.com\/fr\/501187\/","title":{"rendered":"\u00ab Il faut cr\u00e9er ce r\u00e9flexe notaire \u00bb : Laetitia Jossier, nouvelle pr\u00e9sidente de la CIN de Lyon pr\u00e9sente sa feuille de route"},"content":{"rendered":"<p class=\"is-style-chapo\">\u00c9lue en mai dernier \u00e0 la t\u00eate de la Chambre interd\u00e9partementale des notaires de la Cour d\u2019appel de Lyon \u2013 n\u00e9e de la fusion en 2023 des chambre d\u00e9partementales Loire, Rh\u00f4ne et Ain -, Me Laetitia Jossier, a convi\u00e9 la presse mercredi 29 octobre au Club de la presse de Lyon pour pr\u00e9senter sa feuille de route.<\/p>\n<p>Par <a href=\"https:\/\/www.petit-bulletin.fr\/redacteur-335-clemence-depresle.html\" target=\"_blank\" rel=\"noreferrer noopener\"><strong>Cl\u00e9mence Depresle<\/strong><\/a><\/p>\n<p><img loading=\"lazy\" decoding=\"async\" width=\"1024\" height=\"576\" src=\"https:\/\/www.europesays.com\/fr\/wp-content\/uploads\/2025\/10\/thumbnail_Presidente-de-CIN-de-la-Cour-dappel-de-Lyon-depuis-mai-dernier-Laetitia-Jossier-a-convie-l.jpeg\" alt=\"\" class=\"wp-image-80909\"  \/>Laetitia Jossier est la pr\u00e9sidente de la Chambre interd\u00e9partementale des notaires de la Cour d\u2019appel de Lyon (regroupant la Loire, le Rh\u00f4ne et l\u2019Is\u00e8re) depuis mai dernier. \u00a9CD\/Le Petit Bulletin<\/p>\n<p>Me Laetitia Jossier, notaire \u00e0 Oyonnax, a \u00e9t\u00e9 \u00e9lue en mai 2025 \u00e0 la pr\u00e9sidence de la <a href=\"https:\/\/cin-lyon.notaires.fr\/la-chambre\/\" target=\"_blank\" rel=\"noreferrer noopener\">Chambre interd\u00e9partementale<\/a> des notaires de la Cour d\u2019appel de Lyon. Elle succ\u00e8de \u00e0 Cyrille Farenc et devient la premi\u00e8re notaire de l\u2019Ain \u00e0 occuper cette fonction. \u00c0 la t\u00eate d\u2019une profession en pleine mutation, elle d\u00e9fend un notariat de proximit\u00e9, engag\u00e9 et accessible.<\/p>\n<p>\u00ab Avoir un notaire \u00e0 moins de 15 minutes de chez soi \u00bb<\/p>\n<p>La fusion des chambres d\u00e9partementales de l\u2019Ain, du Rh\u00f4ne et de la Loire, officialis\u00e9e par <a href=\"https:\/\/www.legifrance.gouv.fr\/jorf\/texte_jo\/JORFTEXT000047422468#:~:text=Ce%20d%C3%A9cret%20institue%20une%20chambre,Rh%C3%B4ne%20et%20au%20conseil%20r%C3%A9gional\" target=\"_blank\" rel=\"noreferrer noopener\">d\u00e9cret<\/a> en avril 2023, a donn\u00e9 naissance \u00e0 une instance commune qui est la Chambre interd\u00e9partementale des notaires de la Cour d\u2019appel de Lyon. Cette derni\u00e8re conserve trois sites : Lyon, son si\u00e8ge principal, mais aussi Bourg-en-Bresse et Saint-\u00c9tienne, o\u00f9 les antennes continuent d\u2019assurer un lien direct avec les professionnels et les citoyens.\u00a0\u00ab Il ne s\u2019agit pas de tout centraliser, mais de mieux coordonner nos moyens. Chaque d\u00e9partement garde son ancrage, son rythme, sa relation avec le public. \u00bb<\/p>\n<blockquote class=\"wp-block-quote is-layout-flow wp-block-quote-is-layout-flow\">\n<p>Il ne s\u2019agit pas de tout centraliser, mais de mieux coordonner nos moyens. Chaque d\u00e9partement garde son ancrage, son rythme, sa relation avec le public<\/p>\n<\/blockquote>\n<p>Elle regroupe aujourd\u2019hui 951 notaires r\u00e9partis dans 388 \u00e9tudes, dont 189 cr\u00e9\u00e9es au cours des dix derni\u00e8res ann\u00e9es. Une augmentation port\u00e9e par la loi pour la croissance, l\u2019activit\u00e9 et l\u2019\u00e9galit\u00e9 des chances \u00e9conomiques dite \u00ab\u00a0<a href=\"https:\/\/www.legifrance.gouv.fr\/loda\/id\/JORFTEXT000030978561\" target=\"_blank\" rel=\"noreferrer noopener\">Loi Macron<\/a>\u00a0\u00bb de 2015, qui a ouvert l\u2019installation \u00e0 de nouveaux professionnels via une carte d\u2019implantation r\u00e9vis\u00e9e tous les deux ans.\u00a0<\/p>\n<p>Me Laetitia Jossier insiste sur cette pr\u00e9sence de terrain :\u00a0\u00ab Il y a toujours un notaire \u00e0 moins de 15 minutes de chez soi. C\u2019est une r\u00e9alit\u00e9 concr\u00e8te, et elle dit quelque chose de notre r\u00f4le social. \u00bb\u00a0Cette densit\u00e9 territoriale, estime-t-elle, est une richesse \u00e0 pr\u00e9server.<\/p>\n<p><img loading=\"lazy\" decoding=\"async\" width=\"1024\" height=\"577\" src=\"https:\/\/www.europesays.com\/fr\/wp-content\/uploads\/2025\/10\/Capture-decran-2025-10-30-154905-1024x577.png\" alt=\"\" class=\"wp-image-80911\"  \/>\u00a9CD\/Le Petit Bulletin<\/p>\n<p>Une profession en pleine mutation<\/p>\n<p>La pr\u00e9sidente souligne une transformation profonde du corps notarial.\u00a0\u00ab La moyenne d\u2019\u00e2ge est aujourd\u2019hui de 45 ans. Plus de la moiti\u00e9 des notaires sont des femmes, et 60 % d\u2019entre eux ne l\u2019\u00e9taient pas il y a dix ans. \u00bb<\/p>\n<p>La modernisation passe aussi par la formation, notamment sur l\u2019usage de l\u2019intelligence <a href=\"https:\/\/www.if-saint-etienne.fr\/economie\/intelligence-artificielle-quels-secteurs-seront-les-plus-impactes-dans-la-loire\" target=\"_blank\" rel=\"noreferrer noopener\">artificielle<\/a> g\u00e9n\u00e9rative. L\u2019objectif n\u2019est pas de remplacer l\u2019humain, mais de mieux outiller les notaires dans leur travail quotidien dans la veille juridique, recherche documentaire, t\u00e2ches administratives. \u00ab Nous ne sommes pas pr\u00e8s d\u2019\u00eatre remplac\u00e9s par des machines \u00bb,\u00a0sourit Me Laetitia Jossier.\u00a0\u00ab Deux situations qui semblent identiques ne doivent pas \u00eatre trait\u00e9es de la m\u00eame mani\u00e8re. Ce qui compte, c\u2019est la personne que l\u2019on a en face de soi. \u00bb<\/p>\n<p>R\u00e9concilier les citoyens avec le notariat<\/p>\n<blockquote class=\"wp-block-quote is-layout-flow wp-block-quote-is-layout-flow\">\n<p>Le notaire est encore trop souvent per\u00e7u comme une figure distante, institutionnelle. Il faut recr\u00e9er un r\u00e9flexe notaire chez les gens<\/p>\n<\/blockquote>\n<p>De nouvelles missions viennent enrichir le r\u00f4le du notaire telles que la d\u00e9livrance d\u2019apostilles, la lutte contre le blanchiment d\u2019argent, les divorces sans juge\u2026 Autant de responsabilit\u00e9s qui visent \u00e0 all\u00e9ger les tribunaux tout en renfor\u00e7ant le r\u00f4le de conseil et de protection du patrimoine. Mais si ces r\u00e9centes r\u00e9formes confortent la place du notaire comme acteur de proximit\u00e9, Me Laetitia Jossier d\u00e9fend une approche encore plus humaine du m\u00e9tier.\u00a0\u00ab Le notaire est encore trop souvent per\u00e7u comme une figure distante, institutionnelle. Il faut recr\u00e9er un r\u00e9flexe notaire chez les gens. \u00bb\u00a0<\/p>\n<p>Elle souligne que les notaires jouent un r\u00f4le essentiel, tant aupr\u00e8s des entreprises que dans les \u00e9tapes cl\u00e9s de la vie : adoption, successions, m\u00e9diation, procr\u00e9ation m\u00e9dicalement assist\u00e9e\u2026 Selon elle, l\u2019image du notaire reste parfois fig\u00e9e dans le pass\u00e9, associ\u00e9e \u00e0 un langage complexe ou \u00e0 une fonction per\u00e7ue comme distante. Il est donc important de montrer qu\u2019ils sont des juristes accessibles, \u00e0\u00a0\u00ab l\u2019\u00e9coute \u00bb\u00a0\u00a0et profond\u00e9ment\u00a0\u00ab engag\u00e9s \u00bb.<\/p>\n","protected":false},"excerpt":{"rendered":"\u00c9lue en mai dernier \u00e0 la t\u00eate de la Chambre interd\u00e9partementale des notaires de la Cour d\u2019appel de&hellip;\n","protected":false},"author":2,"featured_media":501188,"comment_status":"","ping_status":"","sticky":false,"template":"","format":"standard","meta":{"footnotes":""},"categories":[1889],"tags":[1111,11,2430,62316,62317,11039,1777,674,1011,27,62318,2428,12,16229,62319,62320,25],"class_list":{"0":"post-501187","1":"post","2":"type-post","3":"status-publish","4":"format-standard","5":"has-post-thumbnail","7":"category-lyon","8":"tag-actu","9":"tag-actualites","10":"tag-auvergne-rhone-alpes","11":"tag-chambre-des-notaires-de-la-loire","12":"tag-chambre-interdepartementale-des-notaires","13":"tag-declaratif","14":"tag-eu","15":"tag-europe","16":"tag-fr","17":"tag-france","18":"tag-laetitia-jossier","19":"tag-lyon","20":"tag-news","21":"tag-notaires","22":"tag-notaires-loire","23":"tag-notariat","24":"tag-republique-francaise"},"share_on_mastodon":{"url":"https:\/\/pubeurope.com\/@fr\/115466149287276635","error":""},"_links":{"self":[{"href":"https:\/\/www.europesays.com\/fr\/wp-json\/wp\/v2\/posts\/501187","targetHints":{"allow":["GET"]}}],"collection":[{"href":"https:\/\/www.europesays.com\/fr\/wp-json\/wp\/v2\/posts"}],"about":[{"href":"https:\/\/www.europesays.com\/fr\/wp-json\/wp\/v2\/types\/post"}],"author":[{"embeddable":true,"href":"https:\/\/www.europesays.com\/fr\/wp-json\/wp\/v2\/users\/2"}],"replies":[{"embeddable":true,"href":"https:\/\/www.europesays.com\/fr\/wp-json\/wp\/v2\/comments?post=501187"}],"version-history":[{"count":0,"href":"https:\/\/www.europesays.com\/fr\/wp-json\/wp\/v2\/posts\/501187\/revisions"}],"wp:featuredmedia":[{"embeddable":true,"href":"https:\/\/www.europesays.com\/fr\/wp-json\/wp\/v2\/media\/501188"}],"wp:attachment":[{"href":"https:\/\/www.europesays.com\/fr\/wp-json\/wp\/v2\/media?parent=501187"}],"wp:term":[{"taxonomy":"category","embeddable":true,"href":"https:\/\/www.europesays.com\/fr\/wp-json\/wp\/v2\/categories?post=501187"},{"taxonomy":"post_tag","embeddable":true,"href":"https:\/\/www.europesays.com\/fr\/wp-json\/wp\/v2\/tags?post=501187"}],"curies":[{"name":"wp","href":"https:\/\/api.w.org\/{rel}","templated":true}]}}