{"id":501189,"date":"2025-10-31T01:19:20","date_gmt":"2025-10-31T01:19:20","guid":{"rendered":"https:\/\/www.europesays.com\/fr\/501189\/"},"modified":"2025-10-31T01:19:20","modified_gmt":"2025-10-31T01:19:20","slug":"impressionnant-braquage-dune-raffinerie-dor-a-lyon-six-suspects-arretes","status":"publish","type":"post","link":"https:\/\/www.europesays.com\/fr\/501189\/","title":{"rendered":"Impressionnant braquage d\u2019une raffinerie d\u2019or \u00e0 Lyon, six suspects arr\u00eat\u00e9s"},"content":{"rendered":"<p>        <img decoding=\"async\" loading=\"lazy\" src=\"https:\/\/www.europesays.com\/fr\/wp-content\/uploads\/2025\/10\/d384c7b_upload-1-nvygzqnyk2sa-afp-20251030-hl-mdelaty-2936659-v1-midres-francepolicepourquerylaborat.jpeg\"  width=\"728\" height=\"410\" alt=\"Des policiers scientifiques m\u00e8nent l\u2019enqu\u00eate apr\u00e8s le braquage \u00e0 l\u2019explosif et l\u2019attaque contre les laboratoires Pourquery, les m\u00e9taux pr\u00e9cieux et l\u2019or, \u00e0 Lyon,  le 30\u00a0octobre 2025.\"\/>  <\/p>\n<p>MATTHIEU DELATY \/ Hans Lucas via AFP<\/p>\n<p>Des policiers scientifiques m\u00e8nent l\u2019enqu\u00eate apr\u00e8s le braquage \u00e0 l\u2019explosif et l\u2019attaque contre les laboratoires Pourquery, les m\u00e9taux pr\u00e9cieux et l\u2019or, \u00e0 Lyon,  le 30\u00a0octobre 2025.<\/p>\n<p class=\"asset asset-text\">FAITS DIVERS &#8211; Une sc\u00e8ne impressionnante. Six auteurs pr\u00e9sum\u00e9s d\u2019un <a href=\"https:\/\/www.huffingtonpost.fr\/justice\/article\/casse-au-louvre-ce-que-l-on-sait-de-l-avancee-de-l-enquete-apres-le-point-de-la-procureure_256560.html\" target=\"_blank\" rel=\"noopener\">braquage<\/a> \u00e0 l\u2019explosif d\u2019un laboratoire de raffinerie d\u2019<a href=\"https:\/\/www.huffingtonpost.fr\/economie\/article\/il-n-y-a-pas-que-l-or-et-le-bitcoin-qui-battent-des-records-de-valeur_255805.html\" target=\"_blank\" rel=\"noopener\">or<\/a> \u00e0 Lyon ont \u00e9t\u00e9 arr\u00eat\u00e9s ce jeudi 30\u00a0octobre au terme d\u2019une course-poursuite avec la police qui a pu r\u00e9cup\u00e9rer leur butin.<\/p>\n<p class=\"asset asset-text\">Cinq employ\u00e9s des Laboratoires Pourquery, la soci\u00e9t\u00e9 vis\u00e9e dans le VIIe arrondissement, ont \u00e9t\u00e9 \u00ab\u00a0l\u00e9g\u00e8rement bless\u00e9s par l\u2019explosion\u00a0\u00bb, dont trois emmen\u00e9s \u00e0 l\u2019h\u00f4pital pour \u00ab\u00a0v\u00e9rification\u00a0\u00bb de leur \u00e9tat, a indiqu\u00e9 la pr\u00e9fecture du Rh\u00f4ne \u00e0 l\u2019AFP.<\/p>\n<p class=\"asset asset-text\">Peu avant 14\u00a0heures, des individus \u00e9quip\u00e9s notamment \u00ab\u00a0d\u2019armes \u00e0 feu longues\u00a0\u00bb ont attaqu\u00e9 cette unit\u00e9 d\u2019affinage de m\u00e9taux pr\u00e9cieux, principalement de l\u2019or, \u00ab\u00a0au moyen d\u2019explosifs\u00a0\u00bb, avant de prendre la fuite en voiture, a d\u00e9taill\u00e9 la pr\u00e9fecture.<\/p>\n<p>    Course-poursuite avec la BRI    <\/p>\n<p class=\"asset asset-text\">Au terme d\u2019une course-poursuite avec des policiers de la Brigade de Recherche et d\u2019Intervention (BRI), les auteurs du braquage ont \u00e9t\u00e9 interpell\u00e9s et leur butin r\u00e9cup\u00e9r\u00e9, avait indiqu\u00e9 dans l\u2019apr\u00e8s-midi la pr\u00e9fecture, parlant de cinq arrestations.<\/p>\n<p class=\"asset asset-text\">En fin de journ\u00e9e, le ministre de l\u2019Int\u00e9rieur Laurent Nu\u00f1ez a donn\u00e9 un nombre total de six interpellations. \u00ab\u00a0Six personnes, ayant utilis\u00e9 des explosifs dans l\u2019attaque d\u2019une soci\u00e9t\u00e9 de m\u00e9taux pr\u00e9cieux \u00e0 Lyon, ont \u00e9t\u00e9 interpell\u00e9es en flagrant d\u00e9lit\u00a0\u00bb, a annonc\u00e9 sur X le ministre, qui \u00e9voque \u00ab\u00a0fermet\u00e9, rapidit\u00e9, ma\u00eetrise\u00a0\u00bb et \u00ab\u00a0f\u00e9licite la BRI de Lyon pour leur prompte intervention\u00a0\u00bb.<\/p>\n<p class=\"asset asset-text\">Les interpellations ont eu lieu vers 14\u00a0h\u00a050 \u00e0 V\u00e9nissieux, une commune limitrophe du VIIe arrondissement de Lyon, selon une source proche du dossier.<\/p>\n<p class=\"asset asset-text\">En plus du butin, dont le montant n\u2019a pas \u00e9t\u00e9 r\u00e9v\u00e9l\u00e9, des armes et des explosifs ont \u00e9t\u00e9 saisis lors des interpellations, a pr\u00e9cis\u00e9 \u00e0 l\u2019AFP une source polici\u00e8re.<\/p>\n<p>                     Gyrophare et cagoule    <\/p>\n<p class=\"asset asset-text\">Sur une vid\u00e9o diffus\u00e9e sur les r\u00e9seaux sociaux, des voisins ont film\u00e9 peu apr\u00e8s une violente explosion, le b\u00e2timent sigl\u00e9 Laboratoires Pourquery devant lequel stationne une fourgonnette blanche surmont\u00e9e d\u2019un gyrophare bleu.<\/p>\n<p class=\"asset asset-text\">Sur les images, on peut voir trois individus arm\u00e9s sortir du b\u00e2timent, dont l\u2019un porte une casquette et un brassard orange, et un autre, cagoul\u00e9, muni d\u2019une \u00e9chelle avec laquelle ils commencent \u00e0 escalader la cl\u00f4ture m\u00e9tallique de l\u2019entreprise.<\/p>\n<p class=\"asset asset-text\">Sur une autre vid\u00e9o vue d\u2019un angle diff\u00e9rent, on distingue un braqueur portant une arme du type fusil d\u2019assaut qui ouvre une porte arri\u00e8re de la fourgonnette, dans laquelle un complice vient charger calmement deux mallettes noires.<\/p>\n<p class=\"asset asset-text\">Dans le premier document vid\u00e9o des voisins, on entend une personne qui donne l\u2019alerte aux services de secours. Des \u00e9quipages de policiers ont alors \u00e9t\u00e9 \u00ab\u00a0rapidement\u00a0\u00bb d\u00e9p\u00each\u00e9s sur place, dont la BRI de Lyon qui a re\u00e7u des renforts de la BRI de Dijon et d\u2019effectifs de la BRI nationale bas\u00e9s dans la r\u00e9gion, a pr\u00e9cis\u00e9 la pr\u00e9fecture.<\/p>\n<p class=\"asset asset-text\">Des agents de la police technique et scientifique ont effectu\u00e9 des relev\u00e9s sur place, a constat\u00e9 un photographe de l\u2019AFP. Une enqu\u00eate a \u00e9t\u00e9 confi\u00e9e \u00e0 la police judiciaire et les six suspects ont \u00e9t\u00e9 plac\u00e9s en garde \u00e0 vue.<\/p>\n","protected":false},"excerpt":{"rendered":"MATTHIEU DELATY \/ Hans Lucas via AFP Des policiers scientifiques m\u00e8nent l\u2019enqu\u00eate apr\u00e8s le braquage \u00e0 l\u2019explosif et&hellip;\n","protected":false},"author":2,"featured_media":501190,"comment_status":"","ping_status":"","sticky":false,"template":"","format":"standard","meta":{"footnotes":""},"categories":[1889],"tags":[1111,11,2430,6941,1777,674,118,1011,27,2428,12,5190,25],"class_list":{"0":"post-501189","1":"post","2":"type-post","3":"status-publish","4":"format-standard","5":"has-post-thumbnail","7":"category-lyon","8":"tag-actu","9":"tag-actualites","10":"tag-auvergne-rhone-alpes","11":"tag-braquage","12":"tag-eu","13":"tag-europe","14":"tag-faits-divers","15":"tag-fr","16":"tag-france","17":"tag-lyon","18":"tag-news","19":"tag-or","20":"tag-republique-francaise"},"share_on_mastodon":{"url":"https:\/\/pubeurope.com\/@fr\/115466152420135425","error":""},"_links":{"self":[{"href":"https:\/\/www.europesays.com\/fr\/wp-json\/wp\/v2\/posts\/501189","targetHints":{"allow":["GET"]}}],"collection":[{"href":"https:\/\/www.europesays.com\/fr\/wp-json\/wp\/v2\/posts"}],"about":[{"href":"https:\/\/www.europesays.com\/fr\/wp-json\/wp\/v2\/types\/post"}],"author":[{"embeddable":true,"href":"https:\/\/www.europesays.com\/fr\/wp-json\/wp\/v2\/users\/2"}],"replies":[{"embeddable":true,"href":"https:\/\/www.europesays.com\/fr\/wp-json\/wp\/v2\/comments?post=501189"}],"version-history":[{"count":0,"href":"https:\/\/www.europesays.com\/fr\/wp-json\/wp\/v2\/posts\/501189\/revisions"}],"wp:featuredmedia":[{"embeddable":true,"href":"https:\/\/www.europesays.com\/fr\/wp-json\/wp\/v2\/media\/501190"}],"wp:attachment":[{"href":"https:\/\/www.europesays.com\/fr\/wp-json\/wp\/v2\/media?parent=501189"}],"wp:term":[{"taxonomy":"category","embeddable":true,"href":"https:\/\/www.europesays.com\/fr\/wp-json\/wp\/v2\/categories?post=501189"},{"taxonomy":"post_tag","embeddable":true,"href":"https:\/\/www.europesays.com\/fr\/wp-json\/wp\/v2\/tags?post=501189"}],"curies":[{"name":"wp","href":"https:\/\/api.w.org\/{rel}","templated":true}]}}