{"id":501193,"date":"2025-10-31T01:23:17","date_gmt":"2025-10-31T01:23:17","guid":{"rendered":"https:\/\/www.europesays.com\/fr\/501193\/"},"modified":"2025-10-31T01:23:17","modified_gmt":"2025-10-31T01:23:17","slug":"le-degel-deja-menace-entre-paris-et-alger","status":"publish","type":"post","link":"https:\/\/www.europesays.com\/fr\/501193\/","title":{"rendered":"Le d\u00e9gel d\u00e9j\u00e0 menac\u00e9 entre Paris et Alger"},"content":{"rendered":"<p>\n    Pour que le rapprochement voulu par Paris et Alger puisse se concr\u00e9tiser, les deux parties devront r\u00e9ussir l\u00e0 o\u00f9 elles ont jusque-l\u00e0 \u00e9chou\u00e9\u00a0: d\u00e9jouer les pi\u00e8ges sur le chemin de la r\u00e9conciliation.<\/p>\n<p class=\"fig-paragraph\">\u00c0 peine Paris et Alger ont-ils convenu qu\u2019il \u00e9tait temps de se reparler et de\u00a0<a href=\"https:\/\/www.lefigaro.fr\/international\/la-france-n-oublie-pas-ce-jour-sombre-emmanuel-macron-tente-de-renouer-le-dialogue-avec-alger-par-un-geste-de-memoire-20251017\" target=\"_blank\" data-fig-type=\"NewsFlash\" rel=\"noopener\" data-gtm-custom-categorie=\"navigation\" data-gtm-custom-action=\"crossclick\" data-gtm-custom-label=\"Contextuel\" data-gtm-event=\"customEventSPE\" data-fig-domain=\"LEFIGARO\">retravailler ensemble<\/a>\u00a0apr\u00e8s des mois d\u2019une crise sans pr\u00e9c\u00e9dent &#8211;\u00a0pour ne pas dire de\u00a0<a href=\"https:\/\/www.lefigaro.fr\/politique\/algerie-le-revirement-d-emmanuel-macron-intervient-sur-fond-de-quasi-rupture-diplomatique-20250806\" target=\"_blank\" data-fig-type=\"Article\" rel=\"noopener\" data-gtm-custom-categorie=\"navigation\" data-gtm-custom-action=\"crossclick\" data-gtm-custom-label=\"Contextuel\" data-gtm-event=\"customEventSPE\" data-fig-domain=\"LEFIGARO\">rupture\u00a0&#8211;<\/a>\u00a0que d\u00e9j\u00e0 le ciel au-dessus de la relation bilat\u00e9rale se fait mena\u00e7ant.<\/p>\n<p class=\"fig-paragraph\">Les d\u00e9put\u00e9s fran\u00e7ais ont adopt\u00e9 \u00e0 une majorit\u00e9 d\u2019une voix ce jeudi une\u00a0<a href=\"https:\/\/www.lefigaro.fr\/politique\/france-algerie-le-rn-fait-adopter-a-l-assemblee-la-denonciation-des-accords-de-1968-20251030\" target=\"_blank\" data-fig-type=\"Article\" rel=\"noopener\" data-gtm-custom-categorie=\"navigation\" data-gtm-custom-action=\"crossclick\" data-gtm-custom-label=\"Contextuel\" data-gtm-event=\"customEventSPE\" data-fig-domain=\"LEFIGARO\">proposition de r\u00e9solution<\/a>\u00a0du Rassemblement national visant \u00e0 \u00ab\u00a0d\u00e9noncer\u00a0\u00bb l\u2019accord franco-alg\u00e9rien de 1968, dans un geste symbolique.<\/p>\n<p class=\"fig-paragraph\">\u00ab\u00a0C\u2019est une journ\u00e9e qu\u2019on peut qualifier d\u2019historique pour le RN\u00a0\u00bb, s\u2019est f\u00e9licit\u00e9e la chef du RN, Marine Le\u00a0Pen, en soulignant qu\u2019il s\u2019agissait du premier texte de son parti approuv\u00e9 par l\u2019Assembl\u00e9e. Marion Mar\u00e9chal (Identit\u00e9 Libert\u00e9) voit dans ce vote \u00ab\u00a0un signal fort envoy\u00e9 \u00e0 l\u2019\u00c9lys\u00e9e, \u00e0 Matignon et \u00e0 Alger\u00a0! 72\u00a0% des Fran\u00e7ais l\u2019exigent, n\u2019attendons plus pour suspendre ces accords de la honte.\u00a0\u00bb<\/p>\n<p class=\"fig-paragraph\">Dans les faits, indique-t-on en \u00ab\u00a0off\u00a0\u00bb aux Affaires \u00e9trang\u00e8res, cette r\u00e9solution est \u00ab\u00a0non contraignante\u00a0\u00bb, c\u2019est-\u00e0-dire\u2026<\/p>\n<p class=\"fig-premium-paywall__infos\">\n        Cet article est r\u00e9serv\u00e9 aux abonn\u00e9s.        Il vous reste 79% \u00e0 d\u00e9couvrir.\n    <\/p>\n<p>                <img  data- alt=\"Le Figaro\" class=\"fig-img--complete fig-img\"\/><\/p>\n<p class=\"fig-premium-paywall__title\">Vous avez envie de lire la suite ?<\/p>\n<p class=\"fig-premium-paywall__subtitle\">D\u00e9bloquez tous les articles imm\u00e9diatement.<\/p>\n<p class=\"fig-premium-paywall__connect\">\n                D\u00e9j\u00e0 abonn\u00e9\u00a0?                <a class=\"fig-premium-paywall__connect-link\" href=\"https:\/\/connect.lefigaro.fr\/login?client=horizon_web&amp;type=main&amp;redirect_uri=https%3A%2F%2Fwww.lefigaro.fr%2Fpolitique%2Fle-degel-deja-menace-entre-paris-et-alger-20251030\" data-js-gtm=\"{&quot;customCategorie&quot;: &quot;conversion&quot;, &quot;customAction&quot;: &quot;before_Landing_Connexion_paywall_auto&quot;, &quot;customLabel&quot;: &quot;bGVmaWdhcm8uZnJfXzFmMGI1YTQ5LTJmM2QtNjVhYy1iNWQxLTY5YzkwYTg0NmIxNV9fQXJ0aWNsZQ==_Le d\u00e9gel d\u00e9j\u00e0 menac\u00e9 entre Paris et Alger_131&quot;, &quot;customIDSPE&quot;: &quot;bGVmaWdhcm8uZnJfXzFmMGI1YTQ5LTJmM2QtNjVhYy1iNWQxLTY5YzkwYTg0NmIxNV9fQXJ0aWNsZQ==&quot;, &quot;event&quot;: &quot;customEventSPE&quot;}\" target=\"_blank\" rel=\"noopener\"><br \/>\n                    Connectez-vous<br \/>\n                <\/a>\n            <\/p>\n","protected":false},"excerpt":{"rendered":"Pour que le rapprochement voulu par Paris et Alger puisse se concr\u00e9tiser, les deux parties devront r\u00e9ussir l\u00e0&hellip;\n","protected":false},"author":2,"featured_media":501194,"comment_status":"","ping_status":"","sticky":false,"template":"","format":"standard","meta":{"footnotes":""},"categories":[1888],"tags":[1111,1928,11,1927,15,1777,674,1011,27,12,1926,626,1925,25],"class_list":{"0":"post-501193","1":"post","2":"type-post","3":"status-publish","4":"format-standard","5":"has-post-thumbnail","7":"category-paris","8":"tag-actu","9":"tag-actu-paris","10":"tag-actualites","11":"tag-actualites-paris","12":"tag-algerie","13":"tag-eu","14":"tag-europe","15":"tag-fr","16":"tag-france","17":"tag-news","18":"tag-news-paris","19":"tag-paris","20":"tag-paris-news","21":"tag-republique-francaise"},"share_on_mastodon":{"url":"https:\/\/pubeurope.com\/@fr\/115466168235629109","error":""},"_links":{"self":[{"href":"https:\/\/www.europesays.com\/fr\/wp-json\/wp\/v2\/posts\/501193","targetHints":{"allow":["GET"]}}],"collection":[{"href":"https:\/\/www.europesays.com\/fr\/wp-json\/wp\/v2\/posts"}],"about":[{"href":"https:\/\/www.europesays.com\/fr\/wp-json\/wp\/v2\/types\/post"}],"author":[{"embeddable":true,"href":"https:\/\/www.europesays.com\/fr\/wp-json\/wp\/v2\/users\/2"}],"replies":[{"embeddable":true,"href":"https:\/\/www.europesays.com\/fr\/wp-json\/wp\/v2\/comments?post=501193"}],"version-history":[{"count":0,"href":"https:\/\/www.europesays.com\/fr\/wp-json\/wp\/v2\/posts\/501193\/revisions"}],"wp:featuredmedia":[{"embeddable":true,"href":"https:\/\/www.europesays.com\/fr\/wp-json\/wp\/v2\/media\/501194"}],"wp:attachment":[{"href":"https:\/\/www.europesays.com\/fr\/wp-json\/wp\/v2\/media?parent=501193"}],"wp:term":[{"taxonomy":"category","embeddable":true,"href":"https:\/\/www.europesays.com\/fr\/wp-json\/wp\/v2\/categories?post=501193"},{"taxonomy":"post_tag","embeddable":true,"href":"https:\/\/www.europesays.com\/fr\/wp-json\/wp\/v2\/tags?post=501193"}],"curies":[{"name":"wp","href":"https:\/\/api.w.org\/{rel}","templated":true}]}}