{"id":501219,"date":"2025-10-31T01:39:17","date_gmt":"2025-10-31T01:39:17","guid":{"rendered":"https:\/\/www.europesays.com\/fr\/501219\/"},"modified":"2025-10-31T01:39:17","modified_gmt":"2025-10-31T01:39:17","slug":"valentin-vacherot-un-voisin-monegasque-au-rolex-paris-masters-sur-la-route-de-felix-auger-aliassime-en-quete-dune-qualification-pour-le-masters-lequipe","status":"publish","type":"post","link":"https:\/\/www.europesays.com\/fr\/501219\/","title":{"rendered":"Valentin Vacherot, un voisin mon\u00e9gasque au Rolex Paris Masters sur la route de F\u00e9lix Auger-Aliassime en qu\u00eate d&#039;une qualification pour le Masters &#8211; L&#039;\u00c9quipe"},"content":{"rendered":"<ol>\n<li><a href=\"https:\/\/news.google.com\/rss\/articles\/CBMi-wFBVV95cUxOS2ZOdlF2V0xlRzg2ZU1vQUpORDNlV19LUFBQNnhwaTU3eEltTFNtX0ZmZUtvZS1hQVRuLUhsc0hOQmU3T0FES1ptOUhwLXZNOG05S3k2ZXZvSWVXSWtOb0VqZ1B6WngwZFdXZjJoUWhjNXRSSTc5U0ZicEVjSFI5RTRkbExNM2xrNEN5NFRqQU5XelFrdVU4VTdzeko3NkFDYmtWcjJqMTQta1RacjRsdFE0MXRtaV9CbUdFV0VPU0JHNURBUE5yb0wwREdrRTJlR1RyVlJROVRMMG1jZGhZLThCWVBQTXlBOVRQU2NNMmJPdjBVekk2Y25nNA?oc=5\" target=\"_blank\" rel=\"nofollow noopener\">Valentin Vacherot, un voisin mon\u00e9gasque au Rolex Paris Masters sur la route de F\u00e9lix Auger-Aliassime en qu\u00eate d&rsquo;une qualification pour le Masters<\/a>&nbsp;&nbsp;L&rsquo;\u00c9quipe<\/li>\n<li><a href=\"https:\/\/news.google.com\/rss\/articles\/CBMirAJBVV95cUxPNEllcGN6UkV1Z3l1bWMyak9xNHpLN1plS254dVBhbTFyb3EwMUJ2RklMdFZfRHVXbWcwbmhuUlM4dVkwQk5kQ0hLa3czZ1JFaHl4SmVLR0Z0eTV4M0o4Z0gtVHcyUXFzUnBNZDcxTWdaM25qSXRRejhBVFcwb1NqOHY3SjhKek9PRlc2a2xRWUdLV09FWjNMX2YyS2x5MXdrbmlnNl82ajY0WWZwZS1MbEdseUhpRHowOVo1cGpEdldZVjZQaVZScWJrRVhKVEtKS1pnd2w0MEJaVzN6U256QU9BRm9nQWxRenQwV1JEdU52VFpHb1dXSVhYUE8xMGdoVGs3VzRmcXJUVjA3UVNoaUx2bndMbV9zaThaYk1lOFhiMmhsdWhGODNIZnk?oc=5\" target=\"_blank\" rel=\"nofollow noopener\">Auger-Aliassiame : \u00ab\u00a0Tout le monde est surpris, lui le premier je pense\u00a0\u00bb<\/a>&nbsp;&nbsp;Eurosport<\/li>\n<li><a href=\"https:\/\/news.google.com\/rss\/articles\/CBMi6gFBVV95cUxQNkduX09veGpIS28tN0ZaaFVSTER2eXVSMHJ1Q3JLYk1vSlZ3NzdTU0VoTk41YlhlRUVWWkNpVjB3TDF4QmJ4cmVxTEJmTXlsdFNnRU5HU3Z4MWdsV3BJTXNUWTN5Z3o4V2tFOUdDMVlSQ2MwQXhfYmM1di14WFJxdVdfbmM1VDQ3ZWJFSVRHc3BLeldNX3lWSGV1amszSmNQOGdsQkc5WGEyYU0tWGhFTnk0QWZRZHZvdlNkUlJ1VDB2QVZFX2JYaF9sSjRWTGYyelFUdTJsckVqQ01MYmtGQndsM09HOFh2b0E?oc=5\" target=\"_blank\" rel=\"nofollow noopener\">Auger-Aliassime sur son futur adversaire Valentin Vacherot au Rolex Paris Masters : \u00ab C&rsquo;est l&rsquo;homme du moment \u00bb<\/a>&nbsp;&nbsp;L&rsquo;\u00c9quipe<\/li>\n<li><a href=\"https:\/\/news.google.com\/rss\/articles\/CBMizgFBVV95cUxPVnJxZC11WTJlcldIUjhZb2hLbzFsS0RoSjVwTDRxREdpd0FhOVU1T3h2TVZGTmxKN0wzNEtkYkNMQ01UUXVLSThJS2dKUGNMTUt0Q3RmaFZ0Rkk2Y2QxS0d2V0pOZHpaTTVsQlZ0M2JjdGgzWDRReTV1UjlSQ0VVNVpmRWp5eTlRaWpjUFdDMFZqVEtySTFMSGpORk9NanUxNDY2VF9JbkJUTzF2bmVDVGlrTnFfTll4N3JzQUFkcWdQanlQLUtWWFBZaXZ3dw?oc=5\" target=\"_blank\" rel=\"nofollow noopener\">ATP &#8211; Rolex Paris Masters &gt; Le clin d&rsquo;oeil d&rsquo;Auger-Aliassime \u00e0 Vacherot avant leur duel en quarts de finale<\/a>&nbsp;&nbsp;We Love Tennis<\/li>\n<li><a href=\"https:\/\/news.google.com\/rss\/articles\/CBMihAFBVV95cUxNT2FjVGlibVZreXMyRVIxZm9xeWpjZjNpbkpxMWZ1VlpWUDlod0prV2d3ZC14YXd6R2xBUTF5ZEdtY25wQVBQRDc2ZkRwU0hmLXZPd010UTJiUTR2OU1pTU5tc0NVeVozTzQ1eThOS3d3MDRFVUFhOFpYQ3dpMmhvck8xczU?oc=5\" target=\"_blank\" rel=\"nofollow noopener\">Rolex Paris Masters : le programme des quarts de finale avec Sinner, Medvedev, Bublik et Vacherot !<\/a>&nbsp;&nbsp;Tennis Temple<\/li>\n<\/ol>\n","protected":false},"excerpt":{"rendered":"Valentin Vacherot, un voisin mon\u00e9gasque au Rolex Paris Masters sur la route de F\u00e9lix Auger-Aliassime en qu\u00eate d&rsquo;une&hellip;\n","protected":false},"author":2,"featured_media":395849,"comment_status":"","ping_status":"","sticky":false,"template":"","format":"standard","meta":{"footnotes":""},"categories":[1415],"tags":[1011,27,60,1467],"class_list":{"0":"post-501219","1":"post","2":"type-post","3":"status-publish","4":"format-standard","5":"has-post-thumbnail","7":"category-tennis","8":"tag-fr","9":"tag-france","10":"tag-sports","11":"tag-tennis"},"share_on_mastodon":{"url":"https:\/\/pubeurope.com\/@fr\/115466230994602147","error":""},"_links":{"self":[{"href":"https:\/\/www.europesays.com\/fr\/wp-json\/wp\/v2\/posts\/501219","targetHints":{"allow":["GET"]}}],"collection":[{"href":"https:\/\/www.europesays.com\/fr\/wp-json\/wp\/v2\/posts"}],"about":[{"href":"https:\/\/www.europesays.com\/fr\/wp-json\/wp\/v2\/types\/post"}],"author":[{"embeddable":true,"href":"https:\/\/www.europesays.com\/fr\/wp-json\/wp\/v2\/users\/2"}],"replies":[{"embeddable":true,"href":"https:\/\/www.europesays.com\/fr\/wp-json\/wp\/v2\/comments?post=501219"}],"version-history":[{"count":0,"href":"https:\/\/www.europesays.com\/fr\/wp-json\/wp\/v2\/posts\/501219\/revisions"}],"wp:featuredmedia":[{"embeddable":true,"href":"https:\/\/www.europesays.com\/fr\/wp-json\/wp\/v2\/media\/395849"}],"wp:attachment":[{"href":"https:\/\/www.europesays.com\/fr\/wp-json\/wp\/v2\/media?parent=501219"}],"wp:term":[{"taxonomy":"category","embeddable":true,"href":"https:\/\/www.europesays.com\/fr\/wp-json\/wp\/v2\/categories?post=501219"},{"taxonomy":"post_tag","embeddable":true,"href":"https:\/\/www.europesays.com\/fr\/wp-json\/wp\/v2\/tags?post=501219"}],"curies":[{"name":"wp","href":"https:\/\/api.w.org\/{rel}","templated":true}]}}