{"id":501220,"date":"2025-10-31T01:43:14","date_gmt":"2025-10-31T01:43:14","guid":{"rendered":"https:\/\/www.europesays.com\/fr\/501220\/"},"modified":"2025-10-31T01:43:14","modified_gmt":"2025-10-31T01:43:14","slug":"cyclisme-cyclo-cross-sven-nys-thibau-nys-est-reste-deux-semaines-sans-toucher-le-velo","status":"publish","type":"post","link":"https:\/\/www.europesays.com\/fr\/501220\/","title":{"rendered":"Cyclisme. Cyclo-Cross &#8211; Sven Nys : \u00abThibau Nys est rest\u00e9 deux semaines sans toucher le v\u00e9lo\u00bb"},"content":{"rendered":"<p>Apr\u00e8s une saison sur route mitig\u00e9e, o\u00f9 ce n&rsquo;est que sur son premier jour de course qu&rsquo;il est parvenu \u00e0 lever les bras, c&rsquo;est le couteau entre les dents que <strong><a href=\"https:\/\/www.cyclismactu.net\/..\/news-cyclo-cross-nys-j-espere-battre-wout-van-aert-et-mathieu-van-der-poel-90483.html\" target=\"_blank\" rel=\"noopener\">Thibau Nys<\/a> <\/strong>aborde la saison de cyclo-cross ! Et tant mieux pour lui puisque le champion d&rsquo;Europe de la discipline va d\u00e9buter sa saison ce samedi lors du Koppenbergcross, une course qu&rsquo;il a d\u00e9j\u00e0 remport\u00e9 il y a deux ans. <strong>Sven Nys<\/strong>, p\u00e8re de Thibau et manager de son \u00e9quipe, la\u00a0<strong>Baloise Glowi Lions<\/strong>, s&rsquo;est entretenu avec <a href=\"https:\/\/www.wielerflits.nl\/nieuws\/de-honger-groeit-week-na-week-thibau-nys-begint-op-de-koppenberg-aan-zijn-winter\/\" target=\"_blank\" rel=\"noopener\">Wielerflits<\/a> sur les ambitions de son prot\u00e9g\u00e9 et sur la saison sur route qui s&rsquo;est achev\u00e9e.<\/p>\n<p>Vid\u00e9o &#8211; La saison avait parfaitement d\u00e9but\u00e9 pour Nys Lire la suite de l&rsquo;article&#13;<\/p>\n<p>\u00a0<\/p>\n<p>&#13;<br \/>\n\u00ab\u00a0Ca va donner un coup de fouet \u00e0 toute l&rsquo;\u00e9quipe\u00a0\u00bb&#13;<\/p>\n<p><strong><a href=\"https:\/\/www.cyclismactu.net\/..\/news-route-thibau-nys-a-renonce-quebec-et-montreal-fin-de-saison-pour-belge-90051.html\" target=\"_blank\" rel=\"noopener\">Thibau Nys<\/a><\/strong> avait d\u00fb mettre fin \u00e0 sa saison sur route pr\u00e9matur\u00e9ment, sans disputer les courses canadiennes, \u00e0 cause d&rsquo;une tr\u00e8s grande fatigue : \u00ab\u00a0Il est rest\u00e9 deux semaines sans toucher le v\u00e9lo. Il a pu faire les choses que font tous les jeunes de son \u00e2ge : voir des amis, aller manger quelque part, pratiquer d\u2019autres hobbies. Il a d\u00e9branch\u00e9 un moment.\u00a0Ce n\u2019est pas seulement important physiquement apr\u00e8s un \u00e9t\u00e9 aussi intense, mais aussi mentalement. Apr\u00e8s ces deux semaines, on a revu la faim et l\u2019envie de foncer.\u00a0\u00bb\u00a0<\/p>\n<p>&#13;<\/p>\n<p>\u00ab\u00a0Je pars du principe qu\u2019il sera pr\u00eat la semaine prochaine pour se battre. Thibau est quelqu\u2019un qui ose courir, et cela va donner un coup de fouet \u00e0 toute l\u2019\u00e9quipe. Chaque jour compte d\u00e9sormais\u2026 Le Koppenberg arrive t\u00f4t, mais je pense que c\u2019est jouable.\u00a0\u00bb\u00a0Une des principales \u00e9ch\u00e9ances pour le champion d&rsquo;Europe va \u00eatre de conserver son titre continental, ce qui ne sera pas une mince affaire : \u00ab\u00a0Conserver un titre comme celui de champion d\u2019Europe ne sera pas \u00e9vident, parce que le parcours lui convient un peu moins. Mais avec une bonne forme, tout est possible.\u00a0\u00bb<\/p>\n","protected":false},"excerpt":{"rendered":"Apr\u00e8s une saison sur route mitig\u00e9e, o\u00f9 ce n&rsquo;est que sur son premier jour de course qu&rsquo;il est&hellip;\n","protected":false},"author":2,"featured_media":501221,"comment_status":"","ping_status":"","sticky":false,"template":"","format":"standard","meta":{"footnotes":""},"categories":[1411],"tags":[1154,207,59294,211,1011,27,60,210,212,208,213],"class_list":{"0":"post-501220","1":"post","2":"type-post","3":"status-publish","4":"format-standard","5":"has-post-thumbnail","7":"category-cyclisme","8":"tag-cycling","9":"tag-cyclisme","10":"tag-cyclo-cross","11":"tag-ffc","12":"tag-fr","13":"tag-france","14":"tag-sports","15":"tag-tour-de-france","16":"tag-uci","17":"tag-velo","18":"tag-world-tour"},"share_on_mastodon":{"url":"https:\/\/pubeurope.com\/@fr\/115466246800651373","error":""},"_links":{"self":[{"href":"https:\/\/www.europesays.com\/fr\/wp-json\/wp\/v2\/posts\/501220","targetHints":{"allow":["GET"]}}],"collection":[{"href":"https:\/\/www.europesays.com\/fr\/wp-json\/wp\/v2\/posts"}],"about":[{"href":"https:\/\/www.europesays.com\/fr\/wp-json\/wp\/v2\/types\/post"}],"author":[{"embeddable":true,"href":"https:\/\/www.europesays.com\/fr\/wp-json\/wp\/v2\/users\/2"}],"replies":[{"embeddable":true,"href":"https:\/\/www.europesays.com\/fr\/wp-json\/wp\/v2\/comments?post=501220"}],"version-history":[{"count":0,"href":"https:\/\/www.europesays.com\/fr\/wp-json\/wp\/v2\/posts\/501220\/revisions"}],"wp:featuredmedia":[{"embeddable":true,"href":"https:\/\/www.europesays.com\/fr\/wp-json\/wp\/v2\/media\/501221"}],"wp:attachment":[{"href":"https:\/\/www.europesays.com\/fr\/wp-json\/wp\/v2\/media?parent=501220"}],"wp:term":[{"taxonomy":"category","embeddable":true,"href":"https:\/\/www.europesays.com\/fr\/wp-json\/wp\/v2\/categories?post=501220"},{"taxonomy":"post_tag","embeddable":true,"href":"https:\/\/www.europesays.com\/fr\/wp-json\/wp\/v2\/tags?post=501220"}],"curies":[{"name":"wp","href":"https:\/\/api.w.org\/{rel}","templated":true}]}}