{"id":501222,"date":"2025-10-31T01:44:12","date_gmt":"2025-10-31T01:44:12","guid":{"rendered":"https:\/\/www.europesays.com\/fr\/501222\/"},"modified":"2025-10-31T01:44:12","modified_gmt":"2025-10-31T01:44:12","slug":"endrick-here-we-go-quand-michele-kang-et-un-supporter-de-lol-echangent-sur-une-rumeur-mercato","status":"publish","type":"post","link":"https:\/\/www.europesays.com\/fr\/501222\/","title":{"rendered":"Endrick here we go ? Quand Michele Kang et un supporter de l\u2019OL \u00e9changent sur une rumeur mercato"},"content":{"rendered":"<p itemprop=\"description\"><strong>Quand un supporter de l\u2019OL et Michele Kang se croisent dans les embouteillages, \u00e7a donne un \u00e9change assez lunaire&#8230;<\/strong><\/p>\n<p>Alors qu&rsquo;un joueur du Real Madrid est annonc\u00e9 \u00e0 l&rsquo;OL, un supporter lyonnais, qui a reconnu la pr\u00e9sidente du club dans une voiture coinc\u00e9e dans les embouteillages, est all\u00e9 \u00e0 la p\u00eache aux infos&#8230; (Lire la suite sur <a href=\"https:\/\/www.lyonfoot.com\/article\/11179\/endrick-here-we-go-l-echange-lunaire-entre-michele-kang-et-un-supporter-de-l-ol-sur-un-possible-transfert\" target=\"_blank\" rel=\"noopener\">Lyon Foot<\/a>)<\/p>\n","protected":false},"excerpt":{"rendered":"Quand un supporter de l\u2019OL et Michele Kang se croisent dans les embouteillages, \u00e7a donne un \u00e9change assez&hellip;\n","protected":false},"author":2,"featured_media":501223,"comment_status":"","ping_status":"","sticky":false,"template":"","format":"standard","meta":{"footnotes":""},"categories":[1410],"tags":[1111,11,2813,2190,1109,251,1112,2811,118,63,1011,27,1922,1110,1114,2428,2810,241,316,2812,517,60,800],"class_list":{"0":"post-501222","1":"post","2":"type-post","3":"status-publish","4":"format-standard","5":"has-post-thumbnail","7":"category-football","8":"tag-actu","9":"tag-actualites","10":"tag-article","11":"tag-asvel","12":"tag-breves","13":"tag-culture","14":"tag-depeches","15":"tag-economique","16":"tag-faits-divers","17":"tag-football","18":"tag-fr","19":"tag-france","20":"tag-info","21":"tag-informations","22":"tag-infos","23":"tag-lyon","24":"tag-lyonmag","25":"tag-ol","26":"tag-politique","27":"tag-sociale","28":"tag-sport","29":"tag-sports","30":"tag-transports"},"share_on_mastodon":{"url":"https:\/\/pubeurope.com\/@fr\/115466250829703903","error":""},"_links":{"self":[{"href":"https:\/\/www.europesays.com\/fr\/wp-json\/wp\/v2\/posts\/501222","targetHints":{"allow":["GET"]}}],"collection":[{"href":"https:\/\/www.europesays.com\/fr\/wp-json\/wp\/v2\/posts"}],"about":[{"href":"https:\/\/www.europesays.com\/fr\/wp-json\/wp\/v2\/types\/post"}],"author":[{"embeddable":true,"href":"https:\/\/www.europesays.com\/fr\/wp-json\/wp\/v2\/users\/2"}],"replies":[{"embeddable":true,"href":"https:\/\/www.europesays.com\/fr\/wp-json\/wp\/v2\/comments?post=501222"}],"version-history":[{"count":0,"href":"https:\/\/www.europesays.com\/fr\/wp-json\/wp\/v2\/posts\/501222\/revisions"}],"wp:featuredmedia":[{"embeddable":true,"href":"https:\/\/www.europesays.com\/fr\/wp-json\/wp\/v2\/media\/501223"}],"wp:attachment":[{"href":"https:\/\/www.europesays.com\/fr\/wp-json\/wp\/v2\/media?parent=501222"}],"wp:term":[{"taxonomy":"category","embeddable":true,"href":"https:\/\/www.europesays.com\/fr\/wp-json\/wp\/v2\/categories?post=501222"},{"taxonomy":"post_tag","embeddable":true,"href":"https:\/\/www.europesays.com\/fr\/wp-json\/wp\/v2\/tags?post=501222"}],"curies":[{"name":"wp","href":"https:\/\/api.w.org\/{rel}","templated":true}]}}