{"id":501226,"date":"2025-10-31T01:46:33","date_gmt":"2025-10-31T01:46:33","guid":{"rendered":"https:\/\/www.europesays.com\/fr\/501226\/"},"modified":"2025-10-31T01:46:33","modified_gmt":"2025-10-31T01:46:33","slug":"los-angeles-la-splendide-et-historique-eames-house-rouvre-ses-portes","status":"publish","type":"post","link":"https:\/\/www.europesays.com\/fr\/501226\/","title":{"rendered":"Los Angeles : la splendide et historique Eames House rouvre ses portes"},"content":{"rendered":"<p>\n                    L\u2019escalier droit et magistral du studio de la Eames House&#13;<br \/>\nlonge la large baie vitr\u00e9e aux syst\u00e8mes de panneaux amovibles.                <\/p>\n<p>\n                    Eames Demetrios et Lucia Dewey Atwood, petits-enfants de Charles et Ray Eames.                <\/p>\n<p class=\"has-drop-cap\">N\u00e9e de l\u2019imagination du couple d\u2019architectes et designers <a href=\"https:\/\/www.milkdecoration.com\/tag\/charles-et-ray-eames\/\" target=\"_blank\" rel=\"noreferrer noopener\">Charles et Ray Eames<\/a>, la Eames House vient de sortir de six mois d\u2019une r\u00e9novation ultram\u00e9ticuleuse. \u00ab Nous avons \u00e9t\u00e9 chanceux. Les d\u00e9g\u00e2ts li\u00e9s aux feux ont \u00e9t\u00e9 minimes \u00bb, reconna\u00eet Lucia Dewey Atwood, petite-fille des ma\u00eetres des lieux, en charge de la pr\u00e9servation du site. \u00ab L\u2019espace paysager avait \u00e9t\u00e9 parfaitement adapt\u00e9 aux risques d\u2019incendie avec la coupe d\u2019une centaine d\u2019eucalyptus. Nous avons pris notre temps, fait appel aux meilleurs ing\u00e9nieurs, collabor\u00e9 avec les conservateurs du Getty Conservation Institute, et op\u00e9r\u00e9 \u00e0 un nettoyage complet de la suie et des r\u00e9sidus de fum\u00e9es d\u00e9gag\u00e9es par les feux. \u00bb<\/p>\n<p>Lieu de p\u00e9lerinage des amateurs d\u2019architecture et de design, la <strong>Eames House<\/strong>, \u00e9rig\u00e9e en 1949 dans le quartier de Pacific Palisades, est consid\u00e9r\u00e9e comme l\u2019un des chefs-d\u2019\u0153uvre du style Mid-Century Modern. Mod\u00e8le id\u00e9al du Case Study House Program \u2014un projet architectural pr\u00f4nant la construction de maisons modernes, abordables et reproductibles pour r\u00e9pondre \u00e0 la p\u00e9nurie de logement au lendemain de la Seconde Guerre mondiale \u2014, la Eames House a r\u00e9volutionn\u00e9 l\u2019habitat en recourant \u00e0 des mat\u00e9riaux industriels (acier, verre) et pr\u00e9-fabriqu\u00e9s. Le style audacieux des Eames, color\u00e9, adapt\u00e9 \u00e0 l\u2019environnement, d\u00e9coin\u00e7ait alors le modernisme classique, en infusant un nouvel esprit chaleureux et accueillant.<\/p>\n<p><img fetchpriority=\"high\" decoding=\"async\" width=\"1920\" height=\"1509\" src=\"https:\/\/www.europesays.com\/fr\/wp-content\/uploads\/2025\/10\/cr-crp222-2.jpg\" alt=\"\" class=\"wp-image-78346\"  \/>Charles et Ray posent sur la structure en acier de la future Eames House, 1949.<\/p>\n<p>\u00ab La r\u00e9sidence se d\u00e9couvre exactement dans l\u2019\u00e9tat o\u00f9 elle se trouvait au moment de la disparition de Ray Eames en 1988, explique Lucia, et respecte leur philosophie : conserver l\u2019esth\u00e9tique mais am\u00e9liorer les techniques quand cela est possible. Le studio adjacent, construit au m\u00eame moment, refl\u00e8te, lui, l\u2019esprit pluridisciplinaire des Eames. C\u2019est ici qu\u2019ils travaillaient, produisaient leurs films, cr\u00e9aient leur collection de jouets et relevaient leurs d\u00e9fis techniques. \u00bb Rendez-vous de la communaut\u00e9 de Pacific Palisades qui s\u2019y r\u00e9unit pour \u00e9changer sur les questions d\u2019habitat durable, le studio, d\u00e9sormais ouvertau public, propose diff\u00e9rents programmes de rencontres, d\u2019expositions et d\u2019ateliers.<\/p>\n<p>\n                    Par un escalier en colima\u00e7on,&#13;<br \/>\nen acier et bois, se d\u00e9couvre l\u2019\u00e9tage de la r\u00e9sidence, et la&#13;<br \/>\nchambre \u00e0 coucher des Eames.                <\/p>\n<p>\n                    La chambre d\u2019amis de la r\u00e9sidence, baign\u00e9e d\u2019une lumi\u00e8re unique.                <\/p>\n<p>Annonc\u00e9e lors de la derni\u00e8re <a href=\"https:\/\/www.milkdecoration.com\/tag\/milan-design-week\/https:\/\/www.milkdecoration.com\/tag\/milan-design-week\/\" target=\"_blank\" rel=\"noreferrer noopener\">Milan Design Week<\/a>, la nouvelle Charles &amp; Ray Eames Foundation vise \u00e0 pr\u00e9server l\u2019h\u00e9ritage culturel des Eames pour ces 250 prochaines ann\u00e9es. Elle est construite autour d\u2019une nouvelle \u00e9quipe, int\u00e9grant notamment cinq petits-enfants des Eames et, pour la premi\u00e8re fois, la quatri\u00e8me g\u00e9n\u00e9ration avec l\u2019arriv\u00e9e de Jackie Cassel, arri\u00e8re-petite-fille des Eames, ainsi que la nouvelle directrice Adrienne Luce et Eckart Maise, ancien directeur du design chez <a href=\"https:\/\/www.milkdecoration.com\/tag\/vitra\/\" target=\"_blank\" rel=\"noreferrer noopener\">Vitra<\/a>. La Fondation \u0153uvrera au d\u00e9veloppement des collaborations avec les institutions et mus\u00e9es, int\u00e9grant, partout dans le monde, les collections Eames. La Eames Conference, pr\u00e9vue en 2026, devrait r\u00e9unir les grands acteurs culturels diffusant leur \u0153uvre au niveau mondial.<\/p>\n<p><img loading=\"lazy\" decoding=\"async\" width=\"1920\" height=\"1438\" src=\"https:\/\/www.europesays.com\/fr\/wp-content\/uploads\/2025\/10\/eameshouse-10603.jpg\" alt=\"\" class=\"wp-image-78352\"  \/>La chambre de Charles et Ray Eames et ses panneaux amovibles en plyon, un mat\u00e9riau durable, n\u00e9 au milieu des ann\u00e9es 1940, qui m\u00e9lange la fibre de verre et le vinyle.<\/p>\n<p>D\u2019autres projets verront \u00e9galement le jour, dont l\u2019\u00e9v\u00e9nement Eames Architecture, qui explorera le travail du couple en la mati\u00e8re, et la c\u00e9l\u00e9bration, en 2027, des 50 ans du film Powers of Ten. \u00ab Un film g\u00e9nial, cr\u00e9\u00e9 par les Eames dans leur studio, qui part d\u2019une id\u00e9e simple : des zooms avant de la Terre vers l\u2019univers et des zooms arri\u00e8re jusqu\u2019aux particules atomiques. L\u2019\u0153uvre a inspir\u00e9 Google Earth et certaines productions hollywoodiennes, et met en avant l\u2019importance de l\u2019\u00e9chelle \u00bb, explique Eames Demetrios, le pr\u00e9sident de la Fondation. \u00ab Un programme de recherche est aussi lanc\u00e9. Le public ne conna\u00eet pas encore la totalit\u00e9 des projets auxquels ils ont particip\u00e9. La Biblioth\u00e8que du Congr\u00e8s am\u00e9ricain \u00e0 Washington D.C. compte, par exemple, plus d\u2019un million d\u2019objets appartenant aux Eames, principalement des photographies et manuscrits. \u00bb<\/p>\n<p>\n                    Un empilement de chaises Eames Shell et un mobile aux ornements asiatiques suspendu dans la chambre d\u2019amis des Eames.                <\/p>\n","protected":false},"excerpt":{"rendered":"L\u2019escalier droit et magistral du studio de la Eames House&#13; longe la large baie vitr\u00e9e aux syst\u00e8mes de&hellip;\n","protected":false},"author":2,"featured_media":501227,"comment_status":"","ping_status":"","sticky":false,"template":"","format":"standard","meta":{"footnotes":""},"categories":[1358],"tags":[1350,1348,1384,1385,62321,1386,58,62322,59,1011,27,6116],"class_list":{"0":"post-501226","1":"post","2":"type-post","3":"status-publish","4":"format-standard","5":"has-post-thumbnail","7":"category-arts-et-design","8":"tag-architecture","9":"tag-arts","10":"tag-arts-and-design","11":"tag-arts-et-design","12":"tag-charles-et-ray-eames","13":"tag-design","14":"tag-divertissement","15":"tag-eames","16":"tag-entertainment","17":"tag-fr","18":"tag-france","19":"tag-los-angeles"},"share_on_mastodon":{"url":"https:\/\/pubeurope.com\/@fr\/115466259359137013","error":""},"_links":{"self":[{"href":"https:\/\/www.europesays.com\/fr\/wp-json\/wp\/v2\/posts\/501226","targetHints":{"allow":["GET"]}}],"collection":[{"href":"https:\/\/www.europesays.com\/fr\/wp-json\/wp\/v2\/posts"}],"about":[{"href":"https:\/\/www.europesays.com\/fr\/wp-json\/wp\/v2\/types\/post"}],"author":[{"embeddable":true,"href":"https:\/\/www.europesays.com\/fr\/wp-json\/wp\/v2\/users\/2"}],"replies":[{"embeddable":true,"href":"https:\/\/www.europesays.com\/fr\/wp-json\/wp\/v2\/comments?post=501226"}],"version-history":[{"count":0,"href":"https:\/\/www.europesays.com\/fr\/wp-json\/wp\/v2\/posts\/501226\/revisions"}],"wp:featuredmedia":[{"embeddable":true,"href":"https:\/\/www.europesays.com\/fr\/wp-json\/wp\/v2\/media\/501227"}],"wp:attachment":[{"href":"https:\/\/www.europesays.com\/fr\/wp-json\/wp\/v2\/media?parent=501226"}],"wp:term":[{"taxonomy":"category","embeddable":true,"href":"https:\/\/www.europesays.com\/fr\/wp-json\/wp\/v2\/categories?post=501226"},{"taxonomy":"post_tag","embeddable":true,"href":"https:\/\/www.europesays.com\/fr\/wp-json\/wp\/v2\/tags?post=501226"}],"curies":[{"name":"wp","href":"https:\/\/api.w.org\/{rel}","templated":true}]}}