{"id":501234,"date":"2025-10-31T01:51:13","date_gmt":"2025-10-31T01:51:13","guid":{"rendered":"https:\/\/www.europesays.com\/fr\/501234\/"},"modified":"2025-10-31T01:51:13","modified_gmt":"2025-10-31T01:51:13","slug":"la-carte-des-departements-ou-lepidemie-flambe-le-plus","status":"publish","type":"post","link":"https:\/\/www.europesays.com\/fr\/501234\/","title":{"rendered":"la carte des d\u00e9partements o\u00f9 l&rsquo;\u00e9pid\u00e9mie flambe le plus"},"content":{"rendered":"<p class=\"mb-4 text-lg md:leading-8 break-words\">Courbatures, frissons, fi\u00e8vre \u2026 Les sympt\u00f4mes de la grippe sont de retour avec l\u2019approche de l\u2019hiver. Sans surprise, le virus est en progression dans l\u2019Hexagone, semaine apr\u00e8s semaine. En sept jours, la part des cas de grippe dans les passages aux urgences a plus que doubl\u00e9, avec une hausse de 111% en moyenne dans le pays.<\/p>\n<p class=\"mb-4 text-lg md:leading-8 break-words\">Une augmentation relev\u00e9e par <a data-i13n=\"cpos:1;pos:1\" href=\"https:\/\/www.santepubliquefrance.fr\/maladies-et-traumatismes\/maladies-et-infections-respiratoires\/grippe\/documents\/bulletin-national\/infections-respiratoires-aigues-grippe-bronchiolite-covid-19-.-bulletin-du-29-octobre-2025\" rel=\"nofollow noopener\" target=\"_blank\" data-ylk=\"slk:Sant\u00e9 Publique France;cpos:1;pos:1;elm:context_link;itc:0;sec:content-canvas\" class=\"link \">Sant\u00e9 Publique France<\/a> dans son bulletin hebdomadaire, qui estime que le nombre de passages aux urgences pour syndrome grippal \u00e9tait de 972, soit 0,3% des passages, contre 0,2% la semaine pr\u00e9c\u00e9dente.<\/p>\n<p>Une hausse des cas de grippe dans les passages aux urgences<\/p>\n<p class=\"mb-4 text-lg md:leading-8 break-words\">Une chiffre qui masque toutefois des disparit\u00e9s selon les d\u00e9partements comme vous pouvez le constater sur la carte ci-dessous. En effet, certains d\u00e9partements connaissent une r\u00e9elle flamb\u00e9e des cas de grippe dans les passages aux urgences.<\/p>\n<p class=\"mb-4 text-lg md:leading-8 break-words\">Le Lot fait face \u00e0 une hausse de pr\u00e8s de 2000% de la part des cas de grippe dans les passages aux urgences, la Haute-Corse enregistre une augmentation de pr\u00e8s de 1200%, les Ardennes, l&rsquo;Ari\u00e8ge et l&rsquo;Allier ont une hausse sup\u00e9rieure \u00e0 700%, et la Somme, l&rsquo;Ille-et-Vilaine et la Loire-Atlantique ont une augmentation qui d\u00e9passe les 500%.<\/p>\n<p>La Haute-Marne, d\u00e9partement le plus touch\u00e9<\/p>\n<p class=\"mb-4 text-lg md:leading-8 break-words\">\u00c0 l&rsquo;inverse, des d\u00e9partements comme le Morbihan, le Bas-Rhin, les C\u00f4tes-d&rsquo;Armor, la Creuse, la Corr\u00e8ze et le Val-d&rsquo;Oise n&rsquo;ont plus de cas de grippe dans les passages aux urgences. Des \u00e9volutions en pourcentage qui sont \u00e0 relativiser puisque le nombre de cas de grippe dans les passages aux urgences est faible.<\/p>\n<p class=\"mb-4 text-lg md:leading-8 break-words\">Certains d\u00e9partements enregistrent toutefois une part \u00e9lev\u00e9e des cas de grippe dans les passages aux urgences. En Haute-Marne, d\u00e9partement o\u00f9 la part des cas de grippe dans les passages aux urgences est la plus \u00e9lev\u00e9e, elle repr\u00e9sente 1,07%.<\/p>\n<p>Le quart Nord-Ouest davantage \u00e9pargn\u00e9<\/p>\n<p class=\"mb-4 text-lg md:leading-8 break-words\">Il s&rsquo;agit du seul d\u00e9partement \u00e0 d\u00e9passer la barre symbolique de 1%. La Somme, l&rsquo;Ille-et-Vilaine, les Hautes-Pyr\u00e9n\u00e9es et la Haute-Corse sont \u00e9galement touch\u00e9s, avec 0,8% des passages aux urgences d\u00fbs \u00e0 la grippe, comme vous pouvez le constater sur la carte ci-dessous.<\/p>\n<p class=\"mb-4 text-lg md:leading-8 break-words\">\u00c0 l&rsquo;inverse, certains d\u00e9partements sont davantage \u00e9pargn\u00e9s, essentiellement ceux situ\u00e9s dans le centre du pays et dans le quart Nord-Ouest : O,4% en Mayenne, 0,07% dans le Finist\u00e8re, 0,12% en Haute-Vienne, ou encore 0,06% en Eure-et-Loir.<\/p>\n<p class=\"mb-4 text-lg md:leading-8 break-words\">Mais du c\u00f4t\u00e9 des cas de grippe vu en m\u00e9decine g\u00e9n\u00e9rale, le bulletin hebdomadaire <a data-i13n=\"cpos:2;pos:1\" href=\"https:\/\/www.sentiweb.fr\/document\/6686\" rel=\"nofollow noopener\" target=\"_blank\" data-ylk=\"slk:Sentinelles;cpos:2;pos:1;elm:context_link;itc:0;sec:content-canvas\" class=\"link \">Sentinelles<\/a> rapporte une \u00ab\u00a0activit\u00e9 stable et \u00e0 un niveau faible\u00a0\u00bb, avec un taux d&rsquo;incidence estim\u00e9 \u00e0 2 cas pour 100 000 habitants, soit au m\u00eame niveau que la semaine pr\u00e9c\u00e9dente.<\/p>\n<p>La vaccination bient\u00f4t obligatoire pour certains soignants ?<\/p>\n<p class=\"mb-4 text-lg md:leading-8 break-words\">Face \u00e0 l&rsquo;arriv\u00e9e de la saison hivernale, la campagne de vaccination contre la grippe a d\u00e9but\u00e9 mardi 14 octobre et cible les publics consid\u00e9r\u00e9s comme fragiles, Sant\u00e9 Publique France estime que 19 millions de personnes sont jug\u00e9es vuln\u00e9rables et sont invit\u00e9es \u00e0 se faire vacciner.<\/p>\n<p class=\"mb-4 text-lg md:leading-8 break-words\">La vaccination contre la grippe pourrait prochainement changer pour les soignants et les r\u00e9sidents d&rsquo;Ehpad. En effet, les d\u00e9put\u00e9s ont adopt\u00e9 en commission des Affaires sociales la cr\u00e9ation d\u2019une base l\u00e9gale pour une <a data-i13n=\"cpos:3;pos:1\" href=\"https:\/\/fr.news.yahoo.com\/grippe-d%C3%A9put%C3%A9s-valident-vaccination-obligatoire-194733112.html\" data-ylk=\"slk:obligation de vaccination contre la grippe pour les r\u00e9sidents d\u2019Ehpad;cpos:3;pos:1;elm:context_link;itc:0;sec:content-canvas;outcm:mb_qualified_link;_E:mb_qualified_link;ct:story;\" class=\"link  yahoo-link\" rel=\"nofollow noopener\" target=\"_blank\">obligation de vaccination contre la grippe pour les r\u00e9sidents d\u2019Ehpad <\/a>et certains professionnels de sant\u00e9. Un vote qui devra toutefois \u00eatre renouvel\u00e9 dans l&rsquo;h\u00e9micycle lors de l&rsquo;examen du PLFSS.<\/p>\n","protected":false},"excerpt":{"rendered":"Courbatures, frissons, fi\u00e8vre \u2026 Les sympt\u00f4mes de la grippe sont de retour avec l\u2019approche de l\u2019hiver. Sans surprise,&hellip;\n","protected":false},"author":2,"featured_media":501235,"comment_status":"","ping_status":"","sticky":false,"template":"","format":"standard","meta":{"footnotes":""},"categories":[10],"tags":[16680,1011,27,72,62323,23800,71,59201],"class_list":{"0":"post-501234","1":"post","2":"type-post","3":"status-publish","4":"format-standard","5":"has-post-thumbnail","7":"category-sante","8":"tag-departements","9":"tag-fr","10":"tag-france","11":"tag-health","12":"tag-la-grippe","13":"tag-le-pays","14":"tag-sante","15":"tag-virus-de-la-grippe"},"share_on_mastodon":{"url":"https:\/\/pubeurope.com\/@fr\/115466278260534814","error":""},"_links":{"self":[{"href":"https:\/\/www.europesays.com\/fr\/wp-json\/wp\/v2\/posts\/501234","targetHints":{"allow":["GET"]}}],"collection":[{"href":"https:\/\/www.europesays.com\/fr\/wp-json\/wp\/v2\/posts"}],"about":[{"href":"https:\/\/www.europesays.com\/fr\/wp-json\/wp\/v2\/types\/post"}],"author":[{"embeddable":true,"href":"https:\/\/www.europesays.com\/fr\/wp-json\/wp\/v2\/users\/2"}],"replies":[{"embeddable":true,"href":"https:\/\/www.europesays.com\/fr\/wp-json\/wp\/v2\/comments?post=501234"}],"version-history":[{"count":0,"href":"https:\/\/www.europesays.com\/fr\/wp-json\/wp\/v2\/posts\/501234\/revisions"}],"wp:featuredmedia":[{"embeddable":true,"href":"https:\/\/www.europesays.com\/fr\/wp-json\/wp\/v2\/media\/501235"}],"wp:attachment":[{"href":"https:\/\/www.europesays.com\/fr\/wp-json\/wp\/v2\/media?parent=501234"}],"wp:term":[{"taxonomy":"category","embeddable":true,"href":"https:\/\/www.europesays.com\/fr\/wp-json\/wp\/v2\/categories?post=501234"},{"taxonomy":"post_tag","embeddable":true,"href":"https:\/\/www.europesays.com\/fr\/wp-json\/wp\/v2\/tags?post=501234"}],"curies":[{"name":"wp","href":"https:\/\/api.w.org\/{rel}","templated":true}]}}