{"id":501236,"date":"2025-10-31T01:52:24","date_gmt":"2025-10-31T01:52:24","guid":{"rendered":"https:\/\/www.europesays.com\/fr\/501236\/"},"modified":"2025-10-31T01:52:24","modified_gmt":"2025-10-31T01:52:24","slug":"la-ligue-approuve-la-vente-record-des-lakers-a-mark-walter","status":"publish","type":"post","link":"https:\/\/www.europesays.com\/fr\/501236\/","title":{"rendered":"la ligue approuve la vente record des Lakers \u00e0 Mark Walter"},"content":{"rendered":"<p>\n    La transaction devrait \u00eatre officiellement act\u00e9e sous peu. Jeannie Buss gardera les r\u00eanes pendant au moins cinq ans apr\u00e8s cela.<\/p>\n<p class=\"fig-paragraph\">C\u2019\u00e9tait attendu, ce sera bient\u00f4t officiel. La NBA a approuv\u00e9 la vente des L.A. Lakers \u00e0 Mark Walter. Les membres du \u00abboard of governors\u00bb ont dit \u00aboui\u00bb \u00e0 l\u2019unanimit\u00e9. \u00abMark Walter a une longue histoire avec nos ligues, ayant \u00e9t\u00e9 actionnaire minoritaire des Lakers et propri\u00e9taire principal des Sparks (WNBA) pendant plus de dix ans\u00bb, a soulign\u00e9 le grand patron de l\u2019Association, Adam Silver, dans un communiqu\u00e9. \u00abAlors que Mark prend ses fonctions d\u2019actionnaire majoritaire des Lakers, je suis convaincu qu\u2019il sera un gestionnaire d\u00e9vou\u00e9 de l\u2019\u00e9quipe et un atout pr\u00e9cieux pour notre ligue, compte tenu de ses nombreuses r\u00e9ussites dans les affaires et le sport\u00bb, a-t-il ajout\u00e9.<\/p>\n<p class=\"fig-paragraph\">Actionnaire minoritaire des Lakers depuis 2021, Mark Walter, 65 ans, est \u00e0 la t\u00eate de TWG Global. Il poss\u00e8de des int\u00e9r\u00eats dans plusieurs organisations sportives professionnelles, notamment les Los Angeles Dodgers, les Los Angeles Sparks, la Billie Jean Cup, l\u2019\u00e9curie de Formule 1 Cadillac et la Ligue professionnelle de hockey f\u00e9minin.<\/p>\n<p>                                    <a class=\"fig-a11y-skip a11y-hidden\" href=\"#fig-a11y-skip-main-inarticle\"><br \/>\n        Passer la publicit\u00e9<br \/>\n    <\/a><\/p>\n<p>Jeannie Buss reste aux manettes<\/p>\n<p class=\"fig-paragraph\">Selon des\u00a0<a href=\"http:\/\/www.lefigaro.fr\/sports\/basket\/nba\/nba-la-famille-buss-accepterait-de-vendre-les-lakers-a-mark-walter-20250618\" data-fig-type=\"NewsFlash\" data-gtm-custom-categorie=\"navigation\" data-gtm-custom-action=\"crossclick\" data-gtm-custom-label=\"Contextuel\" data-gtm-event=\"customEventSPE\" data-fig-domain=\"LEFIGARO\" target=\"_blank\" rel=\"noopener\">informations divulgu\u00e9es dans la presse am\u00e9ricaine en juin dernier<\/a>, les Lakers changeront de main pour environ 10 milliards de dollars, une somme record en NBA et m\u00eame au-del\u00e0. Il y a quelques mois,\u00a0<a href=\"http:\/\/www.lefigaro.fr\/sports\/basket\/nba\/nba-les-boston-celtics-rachetes-pour-une-somme-record-de-plus-de-six-milliards-de-dollars-20250320\" data-fig-type=\"NewsFlash\" data-gtm-custom-categorie=\"navigation\" data-gtm-custom-action=\"crossclick\" data-gtm-custom-label=\"Contextuel\" data-gtm-event=\"customEventSPE\" data-fig-domain=\"LEFIGARO\" target=\"_blank\" rel=\"noopener\">les Boston Celtics avaient \u00e9t\u00e9 vendus pour 6,1 milliards de dollars<\/a>. Le regrett\u00e9 Dr Jerry Buss avait fait l\u2019acquisition de la franchise de Los Angeles en 1979 pour un peu plus de 67 millions de billets verts. Depuis\u00a0<a href=\"https:\/\/www.lefigaro.fr\/sports\/basket\/nba\/fil-info\/jerry-buss-est-mort-617046\" data-fig-type=\"NewsFlash\" data-gtm-custom-categorie=\"navigation\" data-gtm-custom-action=\"crossclick\" data-gtm-custom-label=\"Contextuel\" data-gtm-event=\"customEventSPE\" data-fig-domain=\"LEFIGARO\" target=\"_blank\" rel=\"noopener\">le d\u00e9c\u00e8s de Jerry Buss, en 2013<\/a>, ses enfants ont pris la suite \u00e0 la t\u00eate du deuxi\u00e8me club le plus titr\u00e9 de la NBA (17), et notamment Jeannie depuis plusieurs ann\u00e9es. Cette derni\u00e8re restera d\u2019ailleurs aux commandes de la franchise californienne \u00abpendant au moins cinq ans apr\u00e8s la finalisation de la transaction\u00bb.<\/p>\n<p class=\"fig-paragraph\">\u00abJe tiens \u00e9galement \u00e0 remercier et \u00e0 f\u00e9liciter Jeanie Buss et sa famille pour leurs 46 ann\u00e9es de leadership et de service exceptionnels. Bien que cette transaction historique transf\u00e8re la participation majoritaire de la famille Buss dans les Lakers, je suis ravi que Jeanie demeure gouverneure de l\u2019\u00e9quipe et membre active et engag\u00e9e de notre ligue\u00bb, souligne Adam Silver. A priori, la famille Buss conservera, au moins pendant un temps, 15% des actions.<\/p>\n","protected":false},"excerpt":{"rendered":"La transaction devrait \u00eatre officiellement act\u00e9e sous peu. Jeannie Buss gardera les r\u00eanes pendant au moins cinq ans&hellip;\n","protected":false},"author":2,"featured_media":501237,"comment_status":"","ping_status":"","sticky":false,"template":"","format":"standard","meta":{"footnotes":""},"categories":[9],"tags":[1011,27,62324,60],"class_list":{"0":"post-501236","1":"post","2":"type-post","3":"status-publish","4":"format-standard","5":"has-post-thumbnail","7":"category-sports","8":"tag-fr","9":"tag-france","10":"tag-los-angeles-lakers","11":"tag-sports"},"share_on_mastodon":{"url":"https:\/\/pubeurope.com\/@fr\/115466282210564803","error":""},"_links":{"self":[{"href":"https:\/\/www.europesays.com\/fr\/wp-json\/wp\/v2\/posts\/501236","targetHints":{"allow":["GET"]}}],"collection":[{"href":"https:\/\/www.europesays.com\/fr\/wp-json\/wp\/v2\/posts"}],"about":[{"href":"https:\/\/www.europesays.com\/fr\/wp-json\/wp\/v2\/types\/post"}],"author":[{"embeddable":true,"href":"https:\/\/www.europesays.com\/fr\/wp-json\/wp\/v2\/users\/2"}],"replies":[{"embeddable":true,"href":"https:\/\/www.europesays.com\/fr\/wp-json\/wp\/v2\/comments?post=501236"}],"version-history":[{"count":0,"href":"https:\/\/www.europesays.com\/fr\/wp-json\/wp\/v2\/posts\/501236\/revisions"}],"wp:featuredmedia":[{"embeddable":true,"href":"https:\/\/www.europesays.com\/fr\/wp-json\/wp\/v2\/media\/501237"}],"wp:attachment":[{"href":"https:\/\/www.europesays.com\/fr\/wp-json\/wp\/v2\/media?parent=501236"}],"wp:term":[{"taxonomy":"category","embeddable":true,"href":"https:\/\/www.europesays.com\/fr\/wp-json\/wp\/v2\/categories?post=501236"},{"taxonomy":"post_tag","embeddable":true,"href":"https:\/\/www.europesays.com\/fr\/wp-json\/wp\/v2\/tags?post=501236"}],"curies":[{"name":"wp","href":"https:\/\/api.w.org\/{rel}","templated":true}]}}