{"id":501246,"date":"2025-10-31T01:57:13","date_gmt":"2025-10-31T01:57:13","guid":{"rendered":"https:\/\/www.europesays.com\/fr\/501246\/"},"modified":"2025-10-31T01:57:13","modified_gmt":"2025-10-31T01:57:13","slug":"emmanuel-macron-et-le-gouvernement-dans-lembarras-apres-le-vote-de-lassemblee-contre-laccord","status":"publish","type":"post","link":"https:\/\/www.europesays.com\/fr\/501246\/","title":{"rendered":"Emmanuel Macron et le gouvernement dans l\u2019embarras apr\u00e8s le vote de l\u2019Assembl\u00e9e contre l\u2019accord"},"content":{"rendered":"<p>\n    <strong>D\u00c9CRYPTAGE<\/strong> &#8211; L\u2019adoption, jeudi, du texte port\u00e9 par le RN, vient percuter les espoirs de l\u2019ex\u00e9cutif d\u2019une hypoth\u00e9tique reprise du dialogue avec Alger, surtout depuis que Bruno Retailleau a quitt\u00e9 le gouvernement.<\/p>\n<p class=\"fig-paragraph\">\u00ab\u00a0Aucun commentaire.\u00a0\u00bb \u00c0 l\u2019\u00c9lys\u00e9e, silence radio apr\u00e8s\u00a0<a href=\"http:\/\/www.lefigaro.fr\/politique\/votre-depute-a-t-il-vote-la-proposition-de-resolution-du-rn-visant-a-denoncer-l-accord-franco-algerien-de-1968-20251030\" data-fig-type=\"NewsFlash\" data-gtm-custom-categorie=\"navigation\" data-gtm-custom-action=\"crossclick\" data-gtm-custom-label=\"Contextuel\" data-gtm-event=\"customEventSPE\" data-fig-domain=\"LEFIGARO\" target=\"_blank\" rel=\"noopener\">l\u2019adoption \u00e0 une voix pr\u00e8s par l\u2019Assembl\u00e9e nationale<\/a>, jeudi, d\u2019une r\u00e9solution \u00e9manant du Rassemblement national pour la\u00a0<a href=\"http:\/\/www.lefigaro.fr\/international\/libre-circulation-des-algeriens-ou-retour-au-droit-commun-la-vive-controverse-derriere-l-idee-de-denoncer-l-accord-de-1968-20251030\" data-fig-type=\"Article\" data-gtm-custom-categorie=\"navigation\" data-gtm-custom-action=\"crossclick\" data-gtm-custom-label=\"Contextuel\" data-gtm-event=\"customEventSPE\" data-fig-domain=\"LEFIGARO\" target=\"_blank\" rel=\"noopener\">d\u00e9nonciation de l\u2019accord de 1968<\/a>, qui pr\u00e9voit un r\u00e9gime migratoire favorable aux Alg\u00e9riens venant en France. Et pour cause, c\u2019est le chef du gouvernement, S\u00e9bastien Lecornu, qui a \u00e9t\u00e9 charg\u00e9 de porter la voix de l\u2019ex\u00e9cutif, en marge d\u2019un d\u00e9placement dans la Manche.<\/p>\n<p class=\"fig-paragraph\">\u00ab\u00a0Il faut que le gouvernement tienne compte du vote de l\u2019Assembl\u00e9e nationale\u00a0\u00bb, a aussit\u00f4t r\u00e9clam\u00e9 Marine Le\u00a0Pen. Un vote surprise qui embarrasse l\u2019ex\u00e9cutif, alors que la diplomatie fran\u00e7aise esp\u00e9rait ces derniers temps une discr\u00e8te reprise du dialogue avec Alger, actuellement au point mort. \u00ab\u00a0Je ne savais pas que la politique \u00e9trang\u00e8re \u00e9tait une comp\u00e9tence du Parlement\u00a0\u00bb, grince un conseiller haut plac\u00e9. Avant l\u2019adoption de la r\u00e9solution dans l\u2019H\u00e9micycle, c\u2019est\u00a0<a href=\"http:\/\/www.lefigaro.fr\/politique\/je-suis-un-soldat-de-la-republique-laurent-panifous-ministre-des-sensibles-relations-avec-le-parlement-20251030\" data-fig-type=\"Article\" data-gtm-custom-categorie=\"navigation\" data-gtm-custom-action=\"crossclick\" data-gtm-custom-label=\"Contextuel\" data-gtm-event=\"customEventSPE\" data-fig-domain=\"LEFIGARO\" target=\"_blank\" rel=\"noopener\">le ministre des Relations avec le Parlement, Laurent Panifous<\/a>, qui s\u2019est charg\u00e9\u2026<\/p>\n<p class=\"fig-premium-paywall__infos\">\n        Cet article est r\u00e9serv\u00e9 aux abonn\u00e9s.        Il vous reste 75% \u00e0 d\u00e9couvrir.\n    <\/p>\n<p>                <img  data- alt=\"Le Figaro\" class=\"fig-img--complete fig-img\"\/><\/p>\n<p class=\"fig-premium-paywall__title\">Vous avez envie de lire la suite ?<\/p>\n<p class=\"fig-premium-paywall__subtitle\">D\u00e9bloquez tous les articles imm\u00e9diatement.<\/p>\n<p class=\"fig-premium-paywall__connect\">\n                D\u00e9j\u00e0 abonn\u00e9\u00a0?                <a class=\"fig-premium-paywall__connect-link\" href=\"https:\/\/connect.lefigaro.fr\/login?client=horizon_web&amp;type=main&amp;redirect_uri=https%3A%2F%2Fwww.lefigaro.fr%2Fpolitique%2Ffrance-algerie-emmanuel-macron-et-le-gouvernement-dans-l-embarras-apres-le-vote-de-l-assemblee-contre-l-accord-20251030\" data-js-gtm=\"{&quot;customCategorie&quot;: &quot;conversion&quot;, &quot;customAction&quot;: &quot;before_Landing_Connexion_paywall_auto&quot;, &quot;customLabel&quot;: &quot;bGVmaWdhcm8uZnJfXzFmMGI1N2JiLThiMjktNjZlZS05ZDE5LTExMWM3NzJkMDhhNl9fQXJ0aWNsZQ==_France-Alg\u00e9rie\u00a0: Emmanuel Macron et le gouvernement dans l\u2019embarras apr\u00e8s le vote de l\u2019Assembl\u00e9e contre l\u2019accord_555&quot;, &quot;customIDSPE&quot;: &quot;bGVmaWdhcm8uZnJfXzFmMGI1N2JiLThiMjktNjZlZS05ZDE5LTExMWM3NzJkMDhhNl9fQXJ0aWNsZQ==&quot;, &quot;event&quot;: &quot;customEventSPE&quot;}\" target=\"_blank\" rel=\"noopener\"><br \/>\n                    Connectez-vous<br \/>\n                <\/a>\n            <\/p>\n","protected":false},"excerpt":{"rendered":"D\u00c9CRYPTAGE &#8211; L\u2019adoption, jeudi, du texte port\u00e9 par le RN, vient percuter les espoirs de l\u2019ex\u00e9cutif d\u2019une hypoth\u00e9tique&hellip;\n","protected":false},"author":2,"featured_media":501247,"comment_status":"","ping_status":"","sticky":false,"template":"","format":"standard","meta":{"footnotes":""},"categories":[4],"tags":[11,1073,1011,27,2121,5454,12,25],"class_list":{"0":"post-501246","1":"post","2":"type-post","3":"status-publish","4":"format-standard","5":"has-post-thumbnail","7":"category-france","8":"tag-actualites","9":"tag-emmanuel-macron","10":"tag-fr","11":"tag-france","12":"tag-jean-noel-barrot","13":"tag-laurent-nunez","14":"tag-news","15":"tag-republique-francaise"},"share_on_mastodon":{"url":"https:\/\/pubeurope.com\/@fr\/115466301872581228","error":""},"_links":{"self":[{"href":"https:\/\/www.europesays.com\/fr\/wp-json\/wp\/v2\/posts\/501246","targetHints":{"allow":["GET"]}}],"collection":[{"href":"https:\/\/www.europesays.com\/fr\/wp-json\/wp\/v2\/posts"}],"about":[{"href":"https:\/\/www.europesays.com\/fr\/wp-json\/wp\/v2\/types\/post"}],"author":[{"embeddable":true,"href":"https:\/\/www.europesays.com\/fr\/wp-json\/wp\/v2\/users\/2"}],"replies":[{"embeddable":true,"href":"https:\/\/www.europesays.com\/fr\/wp-json\/wp\/v2\/comments?post=501246"}],"version-history":[{"count":0,"href":"https:\/\/www.europesays.com\/fr\/wp-json\/wp\/v2\/posts\/501246\/revisions"}],"wp:featuredmedia":[{"embeddable":true,"href":"https:\/\/www.europesays.com\/fr\/wp-json\/wp\/v2\/media\/501247"}],"wp:attachment":[{"href":"https:\/\/www.europesays.com\/fr\/wp-json\/wp\/v2\/media?parent=501246"}],"wp:term":[{"taxonomy":"category","embeddable":true,"href":"https:\/\/www.europesays.com\/fr\/wp-json\/wp\/v2\/categories?post=501246"},{"taxonomy":"post_tag","embeddable":true,"href":"https:\/\/www.europesays.com\/fr\/wp-json\/wp\/v2\/tags?post=501246"}],"curies":[{"name":"wp","href":"https:\/\/api.w.org\/{rel}","templated":true}]}}