{"id":501289,"date":"2025-10-31T02:28:15","date_gmt":"2025-10-31T02:28:15","guid":{"rendered":"https:\/\/www.europesays.com\/fr\/501289\/"},"modified":"2025-10-31T02:28:15","modified_gmt":"2025-10-31T02:28:15","slug":"un-guide-de-marseille-en-mode-positive-attitude","status":"publish","type":"post","link":"https:\/\/www.europesays.com\/fr\/501289\/","title":{"rendered":"Un Guide de Marseille en mode positive attitude\u00a0!"},"content":{"rendered":"<p>\tUn Guide de Marseille en mode positive attitude\u00a0! &#8211; Toutma<\/p>\n<p>&#13;<br \/>\n&#13;<\/p>\n<p>&#13;<br \/>\n\t\t&#13;<\/p>\n<p>Nous utilisons des cookies pour vous garantir la meilleure exp\u00e9rience sur notre site web. Si vous continuez \u00e0 utiliser ce site, nous supposerons que vous en \u00eates satisfait.OK<\/p>\n<p>\t\t&#13;<\/p>\n","protected":false},"excerpt":{"rendered":"Un Guide de Marseille en mode positive attitude\u00a0! &#8211; Toutma &#13; &#13; &#13; &#13; Nous utilisons des cookies&hellip;\n","protected":false},"author":2,"featured_media":501290,"comment_status":"","ping_status":"","sticky":false,"template":"","format":"standard","meta":{"footnotes":""},"categories":[2814],"tags":[1111,11,1777,674,1011,27,61868,884,12,882,25,62326,62327,62328,62329,62330],"class_list":{"0":"post-501289","1":"post","2":"type-post","3":"status-publish","4":"format-standard","5":"has-post-thumbnail","7":"category-marseille","8":"tag-actu","9":"tag-actualites","10":"tag-eu","11":"tag-europe","12":"tag-fr","13":"tag-france","14":"tag-hotel-marseille","15":"tag-marseille","16":"tag-news","17":"tag-provence-alpes-cote-dazur","18":"tag-republique-francaise","19":"tag-sejour-conscient","20":"tag-sejourner-a-marseille","21":"tag-tourisme-conscient","22":"tag-tourisme-marseille","23":"tag-voyager-a-marseille"},"share_on_mastodon":{"url":"https:\/\/pubeurope.com\/@fr\/115466423796702385","error":""},"_links":{"self":[{"href":"https:\/\/www.europesays.com\/fr\/wp-json\/wp\/v2\/posts\/501289","targetHints":{"allow":["GET"]}}],"collection":[{"href":"https:\/\/www.europesays.com\/fr\/wp-json\/wp\/v2\/posts"}],"about":[{"href":"https:\/\/www.europesays.com\/fr\/wp-json\/wp\/v2\/types\/post"}],"author":[{"embeddable":true,"href":"https:\/\/www.europesays.com\/fr\/wp-json\/wp\/v2\/users\/2"}],"replies":[{"embeddable":true,"href":"https:\/\/www.europesays.com\/fr\/wp-json\/wp\/v2\/comments?post=501289"}],"version-history":[{"count":0,"href":"https:\/\/www.europesays.com\/fr\/wp-json\/wp\/v2\/posts\/501289\/revisions"}],"wp:featuredmedia":[{"embeddable":true,"href":"https:\/\/www.europesays.com\/fr\/wp-json\/wp\/v2\/media\/501290"}],"wp:attachment":[{"href":"https:\/\/www.europesays.com\/fr\/wp-json\/wp\/v2\/media?parent=501289"}],"wp:term":[{"taxonomy":"category","embeddable":true,"href":"https:\/\/www.europesays.com\/fr\/wp-json\/wp\/v2\/categories?post=501289"},{"taxonomy":"post_tag","embeddable":true,"href":"https:\/\/www.europesays.com\/fr\/wp-json\/wp\/v2\/tags?post=501289"}],"curies":[{"name":"wp","href":"https:\/\/api.w.org\/{rel}","templated":true}]}}