{"id":501303,"date":"2025-10-31T02:38:19","date_gmt":"2025-10-31T02:38:19","guid":{"rendered":"https:\/\/www.europesays.com\/fr\/501303\/"},"modified":"2025-10-31T02:38:19","modified_gmt":"2025-10-31T02:38:19","slug":"la-video-a-laquelle-on-ne-sattendait-pas","status":"publish","type":"post","link":"https:\/\/www.europesays.com\/fr\/501303\/","title":{"rendered":"la vid\u00e9o \u00e0 laquelle on ne s\u2019attendait pas !"},"content":{"rendered":"<p>                                    <img decoding=\"async\" src=\"https:\/\/www.europesays.com\/fr\/wp-content\/uploads\/2025\/10\/a34eac6c1ba7cf0901ba4f57339b2b9936743766e74e189331cd157c7fcc9ea8.jpg\" alt=\"Rachida Dati\u00a0: vie priv\u00e9e, carri\u00e8re politique, ennemis... Ce qu'il faut conna\u00eetre\" class=\"a11y-hidden\" fetchpriority=\"high\"\/><\/p>\n<p class=\"fig-standfirst\">\n    Contre toute attente, ce 30 octobre 2025, Rachida Dati a partag\u00e9 une vid\u00e9o d\u2019elle en train de faire la f\u00eate en pleine nuit. En campagne pour les municipales, la femme politique souhaite que les Parisiennes et les Parisiens puissent faire la f\u00eate.<\/p>\n<p class=\"fig-paragraph\">Rachida Dati est\u00a0<a href=\"https:\/\/www.gala.fr\/l_actu\/news_de_stars\/municipales-a-paris-rachida-dati-inaugure-son-qg-accompagnee-d-un-celebre-chanteur-autrefois-proche-d-anne-hidalgo-20251019\" target=\"_blank\" data-fig-type=\"Article\" rel=\"sponsored noopener\" data-gtm-custom-categorie=\"navigation\" data-gtm-custom-action=\"crossclick\" data-gtm-custom-label=\"Contextuel\" data-gtm-event=\"customEventSPE\" data-fig-domain=\"GALA\">en pleine campagne pour briguer la mairie de Paris.<\/a>\u00a0Ce jeudi 30 octobre 2025, elle a partag\u00e9 sur son compte Instagram une vid\u00e9o d\u2019elle, profitant de la f\u00eate parisienne en pleine nuit. Ses 136 000 abonn\u00e9s ont pu la d\u00e9couvrir tr\u00e8s d\u00e9tendue,\u00a0<a href=\"https:\/\/www.gala.fr\/l_actu\/news_de_stars\/photo-rachida-dati-complice-avec-nagui-rires-gestes-tactiles-ils-seclatent-ensemble_555774\" data-fig-type=\"Article\" data-gtm-custom-categorie=\"navigation\" data-gtm-custom-action=\"crossclick\" data-gtm-custom-label=\"Contextuel\" data-gtm-event=\"customEventSPE\" data-fig-domain=\"GALA\" target=\"_blank\" rel=\"noopener\">en train de rire<\/a>, de prendre des Parisiens dans les bras, de faire des selfies et m\u00eame de danser derri\u00e8re un comptoir, visiblement avec le barman. Elle a mis en fond sonore la chanson I Will Survive. \u00abDans le Marais la nuit\u00bb, a-t-elle \u00e9crit en l\u00e9gende. Pour rappel,<a href=\"http:\/\/www.gala.fr\/lifestyle\/bruno-solo-enfant-du-marais-a-paris-il-devoile-sa-cantine-preferee-l-impression-d-etre-dans-une-auberge-de-province-20251020\" data-fig-type=\"Article\" data-gtm-custom-categorie=\"navigation\" data-gtm-custom-action=\"crossclick\" data-gtm-custom-label=\"Contextuel\" data-gtm-event=\"customEventSPE\" data-fig-domain=\"GALA\" target=\"_blank\" rel=\"noopener\">\u00a0le Marais<\/a>\u00a0est le quartier historiquement LGBT+. \u00abJe suis avec mes amis, on fait la tourn\u00e9e\u00bb, a-t-elle lanc\u00e9 dans la vid\u00e9o film\u00e9e de nuit. \u00abOn vient \u00e0 la rencontre des Parisiens qui veulent faire la f\u00eate et qui sont souvent entrav\u00e9s\u00bb, a-t-elle d\u00e9clar\u00e9, ajoutant qu\u2019elle a rencontr\u00e9 \u00ables gens qui vivent la nuit\u00bb.<\/p>\n<p class=\"fig-paragraph\">\u00abParis c\u2019est aussi la nuit, Paris c\u2019est aussi la f\u00eate\u00bb, a scand\u00e9 la maire du 7e arrondissement de la capitale. \u00abMes Parisiens et les Parisiennes ne peuvent plus faire la f\u00eate, ne peuvent plus vivre la nuit\u00bb dit-elle dans la vid\u00e9o sans pour autant d\u00e9tailler les raisons \u00e0 cela. \u00abParis est une ville o\u00f9 l\u2019on rit, o\u00f9 l\u2019on danse, une ville o\u00f9 l\u2019on peut vivre librement. Je connais le prix de la libert\u00e9. Comme maire, je la prot\u00e9gerai\u00bb, a ajout\u00e9 Rachida Dati en l\u00e9gende. La femme politique dit aussi dans sa vid\u00e9o soutenir toutes les minorit\u00e9s. Si de nombreux internautes semblent conquis et la soutiennent en commentaires, des dizaines d\u2019autres rappellent que Rachida Dati n\u2019a pas vot\u00e9 en faveur des droits LGBT+. \u00abN\u2019oublions pas que Rachida Dati a vot\u00e9 contre le mariage pour tous, contre l\u2019adoption pour les couples homos et contre l\u2019interdiction des th\u00e9rapies de conversion. Aujourd\u2019hui, elle parade sous les drapeaux arc-en-ciel \u2014 la m\u00eame qui soutenait P\u00e9cresse quand elle coupait les subventions \u00e0 la Marche des Fiert\u00e9s\u00bb, a \u00e9crit l\u2019un d\u2019eux dans l\u2019espace commentaire.<\/p>\n<p>    <a href=\"#slideshow-header\"><\/p>\n<p class=\"fig-slideshow__title\">\n                    PHOTOS &#8211; Rachida Dati\u00a0: qui sont les proches de la femme politique\u00a0?\n                <\/p>\n<p>    <\/a><\/p>\n<p>                                    <a class=\"fig-a11y-skip a11y-hidden\" href=\"#fig-a11y-skip-main-inarticle\"><br \/>\n        Passer la publicit\u00e9<br \/>\n    <\/a><\/p>\n<p>Rachida Dati en col\u00e8re contre Gabriel Attal, sa r\u00e9plique cinglante\u00a0: \u201cC\u2019est tout ce que j\u2019ai \u00e0 lui dire\u201d<\/p>\n<p class=\"fig-paragraph\">Ce mardi 28 octobre 2025, Renaissance a annonc\u00e9 soutenir pour les \u00e9lections municipales de mars 2026, \u00e0 Paris, la candidature de Pierre-Yves Bournazel du parti Horizons. Une nouvelle \u00e0 laquelle a r\u00e9agi Rachida Dati ce mercredi 29 octobre en direct sur LCI. \u00c0 l\u2019issue d\u2019une r\u00e9union du comit\u00e9 politique parisien puis d\u2019une commission nationale d\u2019investiture, le parti pr\u00e9sidentiel a tranch\u00e9 en la d\u00e9faveur de\u00a0<a href=\"https:\/\/www.gala.fr\/l_actu\/news_de_stars\/brigitte-macron-et-rachida-dati-souriantes-elles-se-retrouvent-pour-un-evenement-majeur-en-plein-paris-20251024\" target=\"_blank\" data-fig-type=\"Article\" rel=\"noopener\" data-gtm-custom-categorie=\"navigation\" data-gtm-custom-action=\"crossclick\" data-gtm-custom-label=\"Contextuel\" data-gtm-event=\"customEventSPE\" data-fig-domain=\"GALA\">Rachida Dati, la ministre de la Culture<\/a>, jugeant son profil trop clivant, d\u2019apr\u00e8s\u00a0<a href=\"https:\/\/www.lemonde.fr\/politique\/article\/2025\/10\/28\/municipales-2026-a-paris-renaissance-confirme-son-soutien-a-pierre-yves-bournazel-au-detriment-de-rachida-dati_6649991_823448.html\" target=\"_blank\" rel=\"sponsored noopener\" data-gtm-custom-categorie=\"navigation\" data-gtm-custom-action=\"crossclick\" data-gtm-custom-label=\"Contextuel\" data-gtm-event=\"customEventSPE\">Le Monde<\/a> . Rachida Dati\u00a0<a href=\"https:\/\/www.gala.fr\/l_actu\/news_de_stars\/rachida-dati-en-colere-contre-gabriel-attal-sa-replique-cinglante-c-est-tout-ce-que-j-ai-a-lui-dire-20251029\" target=\"_blank\" data-fig-type=\"Article\" rel=\"sponsored noopener\" data-gtm-custom-categorie=\"navigation\" data-gtm-custom-action=\"crossclick\" data-gtm-custom-label=\"Contextuel\" data-gtm-event=\"customEventSPE\" data-fig-domain=\"GALA\">n\u2019a pas m\u00e2ch\u00e9 ses mots \u00e0 l\u2019encontre de Gabriel Attal<\/a>, le secr\u00e9taire g\u00e9n\u00e9ral du parti Renaissance. \u00abIl disait lui-m\u00eame qu\u2019il ne comprend plus les d\u00e9cisions du pr\u00e9sident de la R\u00e9publique, alors, je suis peut-\u00eatre d\u2019accord sur une d\u00e9cision. Je n\u2019ai pas compris pourquoi il l\u2019a nomm\u00e9 Premier ministre pour \u00eatre dans ce comportement aujourd\u2019hui ! C\u2019est tout ce que j\u2019ai \u00e0 lui dire\u00a0!\u00bb, a-t-elle l\u00e2ch\u00e9 \u00e0 l\u2019antenne, en col\u00e8re.<\/p>\n<p class=\"fig-paragraph\">Article \u00e9crit en collaboration avec 6M\u00e9dias<\/p>\n","protected":false},"excerpt":{"rendered":"Contre toute attente, ce 30 octobre 2025, Rachida Dati a partag\u00e9 une vid\u00e9o d\u2019elle en train de faire&hellip;\n","protected":false},"author":2,"featured_media":501304,"comment_status":"","ping_status":"","sticky":false,"template":"","format":"standard","meta":{"footnotes":""},"categories":[1888],"tags":[11,1777,674,4768,1011,27,2440,12,293,626,417,25,133],"class_list":{"0":"post-501303","1":"post","2":"type-post","3":"status-publish","4":"format-standard","5":"has-post-thumbnail","7":"category-paris","8":"tag-actualites","9":"tag-eu","10":"tag-europe","11":"tag-fete","12":"tag-fr","13":"tag-france","14":"tag-instagram","15":"tag-news","16":"tag-nuit","17":"tag-paris","18":"tag-rachida-dati","19":"tag-republique-francaise","20":"tag-video"},"share_on_mastodon":{"url":"https:\/\/pubeurope.com\/@fr\/115466463735411576","error":""},"_links":{"self":[{"href":"https:\/\/www.europesays.com\/fr\/wp-json\/wp\/v2\/posts\/501303","targetHints":{"allow":["GET"]}}],"collection":[{"href":"https:\/\/www.europesays.com\/fr\/wp-json\/wp\/v2\/posts"}],"about":[{"href":"https:\/\/www.europesays.com\/fr\/wp-json\/wp\/v2\/types\/post"}],"author":[{"embeddable":true,"href":"https:\/\/www.europesays.com\/fr\/wp-json\/wp\/v2\/users\/2"}],"replies":[{"embeddable":true,"href":"https:\/\/www.europesays.com\/fr\/wp-json\/wp\/v2\/comments?post=501303"}],"version-history":[{"count":0,"href":"https:\/\/www.europesays.com\/fr\/wp-json\/wp\/v2\/posts\/501303\/revisions"}],"wp:featuredmedia":[{"embeddable":true,"href":"https:\/\/www.europesays.com\/fr\/wp-json\/wp\/v2\/media\/501304"}],"wp:attachment":[{"href":"https:\/\/www.europesays.com\/fr\/wp-json\/wp\/v2\/media?parent=501303"}],"wp:term":[{"taxonomy":"category","embeddable":true,"href":"https:\/\/www.europesays.com\/fr\/wp-json\/wp\/v2\/categories?post=501303"},{"taxonomy":"post_tag","embeddable":true,"href":"https:\/\/www.europesays.com\/fr\/wp-json\/wp\/v2\/tags?post=501303"}],"curies":[{"name":"wp","href":"https:\/\/api.w.org\/{rel}","templated":true}]}}