{"id":501305,"date":"2025-10-31T02:39:13","date_gmt":"2025-10-31T02:39:13","guid":{"rendered":"https:\/\/www.europesays.com\/fr\/501305\/"},"modified":"2025-10-31T02:39:13","modified_gmt":"2025-10-31T02:39:13","slug":"la-russie-frappe-le-reseau-electrique-ukrainien-sept-morts-signales-30-10-2025-a-2338-2","status":"publish","type":"post","link":"https:\/\/www.europesays.com\/fr\/501305\/","title":{"rendered":"La Russie frappe le r\u00e9seau \u00e9lectrique ukrainien, sept morts signal\u00e9s &#8211; 30\/10\/2025 \u00e0 23:38"},"content":{"rendered":"<p>\n (Actualise bilan)\n<\/p>\n<p>\n La Russie a lanc\u00e9 dans la<br \/>\nnuit de mercredi \u00e0 jeudi une s\u00e9rie d&rsquo;attaques sur les<br \/>\ninfrastructures \u00e9nerg\u00e9tiques ukrainiennes, provoquant des<br \/>\nrestrictions d&rsquo;\u00e9lectricit\u00e9 \u00e0 l&rsquo;\u00e9chelle nationale et la mort de<br \/>\nsept personnes, ont d\u00e9clar\u00e9 des responsables.\n<\/p>\n<p>\n La Premi\u00e8re ministre Yulia Svyrydenko a accus\u00e9 Moscou de<br \/>\ncibler le peuple ukrainien et les approvisionnements en<br \/>\n\u00e9lectricit\u00e9 \u00e0 l&rsquo;approche de l&rsquo;hiver.\n<\/p>\n<p>\n \u00ab\u00a0Son but est de plonger l\u2019Ukraine dans les t\u00e9n\u00e8bres. Le<br \/>\nn\u00f4tre est de pr\u00e9server la lumi\u00e8re\u00a0\u00bb, a d\u00e9clar\u00e9 Yulia Svyrydenko<br \/>\nsur l\u2019application Telegram. \u00ab\u00a0Pour mettre fin \u00e0 la terreur, nous<br \/>\navons besoin de davantage de syst\u00e8mes de d\u00e9fense a\u00e9rienne, de<br \/>\nsanctions plus s\u00e9v\u00e8res et d\u2019une pression maximale sur<br \/>\nl\u2019agresseur\u00a0\u00bb, a-t-elle ajout\u00e9.\n<\/p>\n<p>\n Trois personnes ont \u00e9t\u00e9 tu\u00e9es dans la ville de Zaporijjia,<br \/>\ndans le sud-est du pays, a dit le gouverneur de la r\u00e9gion, Ivan<br \/>\nFedorov. Une fillette a succomb\u00e9 \u00e0 ses blessures dans la r\u00e9gion<br \/>\nde Vinnytsia, dans le centre du pays, a fait savoir le<br \/>\ngouverneur r\u00e9gional.\n<\/p>\n<p>\n Le pr\u00e9sident ukrainien Volodimir Zelensky a d\u00e9clar\u00e9 dans<br \/>\nson allocution quotidienne qu&rsquo;un bombardement avait fait deux<br \/>\nmorts \u00e0 Sloviansk dans la r\u00e9gion de Donetsk, dans l&rsquo;est du pays.\n<\/p>\n<p>\n Les procureurs de la r\u00e9gion de Donetsk ont quant \u00e0 eux<br \/>\nd\u00e9clar\u00e9 que des attaques russes avaient fait un mort \u00e0<br \/>\nKramatorsk.\n<\/p>\n<p>\n A la suite de ces attaques, l&rsquo;Ukraine a \u00e9t\u00e9 contrainte de<br \/>\nrestreindre l&rsquo;approvisionnement en \u00e9lectricit\u00e9 dans tout le<br \/>\npays.\n<\/p>\n<p>\n Volodimir Zelensky a d\u00e9clar\u00e9 que la Russie avait lanc\u00e9 plus<br \/>\nde 650 drones et 50 missiles dans la nuit. \u00ab\u00a0Beaucoup ont \u00e9t\u00e9<br \/>\nabattus, mais malheureusement, certains ont atteint leur cible\u00a0\u00bb,<br \/>\na-t-il \u00e9crit sur X.\n<\/p>\n<p>\n Les attaques ont touch\u00e9 des installations \u00e9nerg\u00e9tiques dans<br \/>\nles r\u00e9gions du centre, de l&rsquo;ouest et du sud-est de l&rsquo;Ukraine,<br \/>\nont indiqu\u00e9 des responsables ukrainiens.\n<\/p>\n<p>\n Le minist\u00e8re de l&rsquo;\u00c9nergie a annonc\u00e9 des restrictions<br \/>\nnationales sur la fourniture d&rsquo;\u00e9lectricit\u00e9 aux particuliers et<br \/>\naux industriels. Dans certaines r\u00e9gions, l&rsquo;approvisionnement en<br \/>\neau et le chauffage ont \u00e9galement \u00e9t\u00e9 perturb\u00e9s.\n<\/p>\n<p>\n Selon les autorit\u00e9s r\u00e9gionales, deux installations<br \/>\n\u00e9nerg\u00e9tiques de la r\u00e9gion de Lviv, dans l&rsquo;ouest du pays, ont \u00e9t\u00e9<br \/>\nendommag\u00e9es. DTEK, la plus grande entreprise \u00e9nerg\u00e9tique priv\u00e9e<br \/>\ndu pays, a indiqu\u00e9 que ses centrales thermiques, r\u00e9parties dans<br \/>\nplusieurs r\u00e9gions, \u00e9taient la cible d&rsquo;attaques.\n<\/p>\n<p>\n (R\u00e9dig\u00e9 par Anastasiia Malenko et Olena Harmash ; version<br \/>\nfran\u00e7aise No\u00e9mie Naudin, \u00e9dit\u00e9 par Kate Entringer et Camille<br \/>\nRaynaud)<\/p>\n","protected":false},"excerpt":{"rendered":"(Actualise bilan) La Russie a lanc\u00e9 dans la nuit de mercredi \u00e0 jeudi une s\u00e9rie d&rsquo;attaques sur les&hellip;\n","protected":false},"author":2,"featured_media":2486,"comment_status":"","ping_status":"","sticky":false,"template":"","format":"standard","meta":{"footnotes":""},"categories":[1591],"tags":[400,11,398,408,405,1887,403,402,399,404,12,1885,1886,132,401,406,407],"class_list":{"0":"post-501305","1":"post","2":"type-post","3":"status-publish","4":"format-standard","5":"has-post-thumbnail","7":"category-russie","8":"tag-action-cac-40","9":"tag-actualites","10":"tag-bourse-de-paris","11":"tag-boursorama","12":"tag-cotations","13":"tag-federation-de-russie","14":"tag-indices-devises","15":"tag-investir","16":"tag-investissement","17":"tag-marche-boursier","18":"tag-news","19":"tag-russia","20":"tag-russian-federation","21":"tag-russie","22":"tag-sicav","23":"tag-trackers","24":"tag-warrants"},"share_on_mastodon":{"url":"https:\/\/pubeurope.com\/@fr\/115466467144312116","error":""},"_links":{"self":[{"href":"https:\/\/www.europesays.com\/fr\/wp-json\/wp\/v2\/posts\/501305","targetHints":{"allow":["GET"]}}],"collection":[{"href":"https:\/\/www.europesays.com\/fr\/wp-json\/wp\/v2\/posts"}],"about":[{"href":"https:\/\/www.europesays.com\/fr\/wp-json\/wp\/v2\/types\/post"}],"author":[{"embeddable":true,"href":"https:\/\/www.europesays.com\/fr\/wp-json\/wp\/v2\/users\/2"}],"replies":[{"embeddable":true,"href":"https:\/\/www.europesays.com\/fr\/wp-json\/wp\/v2\/comments?post=501305"}],"version-history":[{"count":0,"href":"https:\/\/www.europesays.com\/fr\/wp-json\/wp\/v2\/posts\/501305\/revisions"}],"wp:featuredmedia":[{"embeddable":true,"href":"https:\/\/www.europesays.com\/fr\/wp-json\/wp\/v2\/media\/2486"}],"wp:attachment":[{"href":"https:\/\/www.europesays.com\/fr\/wp-json\/wp\/v2\/media?parent=501305"}],"wp:term":[{"taxonomy":"category","embeddable":true,"href":"https:\/\/www.europesays.com\/fr\/wp-json\/wp\/v2\/categories?post=501305"},{"taxonomy":"post_tag","embeddable":true,"href":"https:\/\/www.europesays.com\/fr\/wp-json\/wp\/v2\/tags?post=501305"}],"curies":[{"name":"wp","href":"https:\/\/api.w.org\/{rel}","templated":true}]}}