{"id":501311,"date":"2025-10-31T02:43:25","date_gmt":"2025-10-31T02:43:25","guid":{"rendered":"https:\/\/www.europesays.com\/fr\/501311\/"},"modified":"2025-10-31T02:43:25","modified_gmt":"2025-10-31T02:43:25","slug":"mitel-relocalise-la-fabrication-de-ses-telephones-ip-en-allemagne","status":"publish","type":"post","link":"https:\/\/www.europesays.com\/fr\/501311\/","title":{"rendered":"Mitel relocalise la fabrication de ses t\u00e9l\u00e9phones IP en Allemagne"},"content":{"rendered":"<p><strong><strong>Mitel rapatrie outre-Rhin la production de ses t\u00e9l\u00e9phones IP dans le cadre d\u2019une strat\u00e9gie de r\u00e9silience industrielle et de souverainet\u00e9 europ\u00e9enne. Il confie \u00e0 Gigaset la fabrication des \u00e9quipements, en misant sur la r\u00e9putation du \u201cMade in Germany\u201d.<\/strong><\/strong><\/p>\n<p class=\"has-drop-cap\">Mitel, l\u2019un des principaux fournisseurs mondiaux de solutions de communication d\u2019entreprise, va relocaliser la fabrication de ses t\u00e9l\u00e9phones IP sur le site de Bocholt en Allemagne. La production des combin\u00e9s sera assur\u00e9e par Gigaset. Cette d\u00e9cision s\u2019inscrit dans une strat\u00e9gie de r\u00e9silience industrielle face aux tensions g\u00e9opolitiques et aux perturbations de la cha\u00eene logistique mondiale. La nouvelle approche doit renforcer la stabilit\u00e9 de la supply chain, tout en s\u2019appuyant sur le savoir-faire allemand en mati\u00e8re d\u2019ing\u00e9nierie, d\u2019automatisation et de qualit\u00e9 de fabrication. Le site de Bocholt a \u00e9t\u00e9 choisi outre-Rhin pour r\u00e9duire les d\u00e9lais de livraison des clients europ\u00e9ens et produire pr\u00e8s d\u2019un million d\u2019unit\u00e9s \u00e0 l\u2019ann\u00e9e couvrant l\u2019ensemble des gammes de t\u00e9l\u00e9phones de bureau et sans fil de Mitel.<\/p>\n<p>Un partenariat industriel strat\u00e9gique avec Gigaset<\/p>\n<p class=\"last\">Mitel conserve la conception du hardware et du logiciel, tandis que Gigaset prend en charge la fabrication sur son site automatis\u00e9, conforme aux normes environnementales et r\u00e9glementaires TAA. Cette coop\u00e9ration s\u2019inscrit aussi dans le d\u00e9veloppement de la strat\u00e9gie de communications hybrides de Mitel et ouvre la voie \u00e0 de futures int\u00e9grations de fonctionnalit\u00e9s bas\u00e9es sur l\u2019IA. Le march\u00e9 mondial des t\u00e9l\u00e9phones d\u2019entreprise, estim\u00e9 \u00e0 pr\u00e8s de 2 milliards de dollars selon Frost &amp; Sullivan, reste porteur malgr\u00e9 la mont\u00e9e en puissance des solutions logicielles. <\/p>\n<p>\t\t\t\t\tNous vous envoyons un e-mail de validation !<\/p>\n","protected":false},"excerpt":{"rendered":"Mitel rapatrie outre-Rhin la production de ses t\u00e9l\u00e9phones IP dans le cadre d\u2019une strat\u00e9gie de r\u00e9silience industrielle et&hellip;\n","protected":false},"author":2,"featured_media":501312,"comment_status":"","ping_status":"","sticky":false,"template":"","format":"standard","meta":{"footnotes":""},"categories":[1587],"tags":[11,672,1804,35,1805,1803,1777,674,1801,12,1802],"class_list":{"0":"post-501311","1":"post","2":"type-post","3":"status-publish","4":"format-standard","5":"has-post-thumbnail","7":"category-allemagne","8":"tag-actualites","9":"tag-allemagne","10":"tag-bundesrepublik-deutschland","11":"tag-business","12":"tag-de","13":"tag-deutschland","14":"tag-eu","15":"tag-europe","16":"tag-germany","17":"tag-news","18":"tag-republique-federale-dallemagne"},"share_on_mastodon":{"url":"https:\/\/pubeurope.com\/@fr\/115466482801999110","error":""},"_links":{"self":[{"href":"https:\/\/www.europesays.com\/fr\/wp-json\/wp\/v2\/posts\/501311","targetHints":{"allow":["GET"]}}],"collection":[{"href":"https:\/\/www.europesays.com\/fr\/wp-json\/wp\/v2\/posts"}],"about":[{"href":"https:\/\/www.europesays.com\/fr\/wp-json\/wp\/v2\/types\/post"}],"author":[{"embeddable":true,"href":"https:\/\/www.europesays.com\/fr\/wp-json\/wp\/v2\/users\/2"}],"replies":[{"embeddable":true,"href":"https:\/\/www.europesays.com\/fr\/wp-json\/wp\/v2\/comments?post=501311"}],"version-history":[{"count":0,"href":"https:\/\/www.europesays.com\/fr\/wp-json\/wp\/v2\/posts\/501311\/revisions"}],"wp:featuredmedia":[{"embeddable":true,"href":"https:\/\/www.europesays.com\/fr\/wp-json\/wp\/v2\/media\/501312"}],"wp:attachment":[{"href":"https:\/\/www.europesays.com\/fr\/wp-json\/wp\/v2\/media?parent=501311"}],"wp:term":[{"taxonomy":"category","embeddable":true,"href":"https:\/\/www.europesays.com\/fr\/wp-json\/wp\/v2\/categories?post=501311"},{"taxonomy":"post_tag","embeddable":true,"href":"https:\/\/www.europesays.com\/fr\/wp-json\/wp\/v2\/tags?post=501311"}],"curies":[{"name":"wp","href":"https:\/\/api.w.org\/{rel}","templated":true}]}}