{"id":501315,"date":"2025-10-31T02:45:18","date_gmt":"2025-10-31T02:45:18","guid":{"rendered":"https:\/\/www.europesays.com\/fr\/501315\/"},"modified":"2025-10-31T02:45:18","modified_gmt":"2025-10-31T02:45:18","slug":"accords-suisse-ue-le-tout-petit-oui-des-partisans","status":"publish","type":"post","link":"https:\/\/www.europesays.com\/fr\/501315\/","title":{"rendered":"Accords Suisse-UE: le tout petit oui des partisans"},"content":{"rendered":"<p>A premi\u00e8re vue, le calcul est simple. A l\u2019issue de la vaste consultation qui se termine aujourd\u2019hui, seule l\u2019UDC s\u2019oppose au paquet d\u2019accords avec l\u2019Union europ\u00e9enne. Le Conseil f\u00e9d\u00e9ral est ainsi tr\u00e8s largement soutenu. Dont acte.<\/p>\n<p>Mais\u2026 Car il y a un mais. Beaucoup de mais, \u00e0 vrai dire. Il y a ceux de la gauche, qui demande une protection contre les licenciements pour les d\u00e9l\u00e9gu\u00e9s syndicaux.\u00a0Il y a ceux du Centre, dont le pr\u00e9sident \u2013 \u00abpas emball\u00e9\u00bb \u2013 a \u00e9mis une s\u00e9rie de revendications, notamment li\u00e9es \u00e0 l\u2019immigration. Il y a aussi ceux d\u2019une minorit\u00e9 du PLR, qui vit mal la reprise dynamique du droit europ\u00e9en.\u00a0Et puis il y a les cantons, qui veulent qu\u2019on respecte leurs sp\u00e9cificit\u00e9s. Les paysans, qui entendent conserver une autonomie totale en mati\u00e8re alimentaire. Ou encore l\u2019USAM, dont le communiqu\u00e9 frileux exprime la crainte d\u2019un monstre bureaucratique.<\/p>\n<p>Lire aussi: <a href=\"https:\/\/www.letemps.ch\/articles\/la-double-majorite-un-avant-gout-de-la-bataille-politique-sur-les-accords-avec-l-union-europeenne\" target=\"_blank\" rel=\"noopener\">La double majorit\u00e9, un avant-gout de la bataille politique sur les accords avec l&rsquo;Union europ\u00e9enne<\/a>  <\/p>\n<p>Des accords sur mesure<\/p>\n<p>En clair, c\u2019est oui aux accords, mais tout le monde les veut sur mesure. Autant dire que \u00e7a ne sera pas possible. Selon le bon vieux principe du beurre, de l\u2019argent du beurre et de la cr\u00e9mi\u00e8re. Comme si l\u2019acc\u00e8s au march\u00e9 europ\u00e9en pouvait se faire sans concession aucune. Et si les d\u00e9bats sous la Coupole se transforment en marchandage de tapis du c\u00f4t\u00e9 des partisans des accords, ils risquent bien de se tirer une balle dans le pied.<\/p>\n<p>Parce que dans le camp des opposants, il n\u2019y a pas de mais. C\u2019est un non cat\u00e9gorique. Avec un message limpide, martel\u00e9 depuis des semaines, voire des ann\u00e9es, et qui n\u2019a pas pris une ride: pas de soumission, pas d\u2019adh\u00e9sion. M\u00eame si \u00e7a n\u2019est pas le sujet ici. Avec une revendication suppl\u00e9mentaire: que le vote se fasse \u00e0 la majorit\u00e9 du peuple et des cantons. Dit autrement, que l\u2019acceptation populaire soit plus difficile \u00e0 obtenir.<\/p>\n<p>Lire aussi: <a href=\"https:\/\/www.letemps.ch\/articles\/accords-suisse-ue-le-rythme-du-parlement-sera-aussi-politique\" target=\"_blank\" rel=\"noopener\">Accords Suisse-UE: Le rythme du parlement sera aussi politique<\/a>  <\/p>\n<p>Sur ce point \u00e9galement, les partisans de ce paquet d\u2019accords avec Bruxelles, ceux qui estiment qu\u2019ils seront b\u00e9n\u00e9fiques aux citoyens de ce pays, \u00e0 l\u2019\u00e9conomie de ce pays, dans les temps bouscul\u00e9s que nous vivons, doivent arr\u00eater de jouer aux enfants g\u00e2t\u00e9s. Prendre clairement position pour la majorit\u00e9 simple, comme le veut la Constitution, serait d\u00e9j\u00e0 un tr\u00e8s bon d\u00e9but. Car la campagne sera longue et difficile. Mettre toutes les chances de leur c\u00f4t\u00e9 ne serait pas un luxe. En cela, le manque d\u2019enthousiasme affich\u00e9 en cette fin de consultation est inqui\u00e9tant.<\/p>\n","protected":false},"excerpt":{"rendered":"A premi\u00e8re vue, le calcul est simple. A l\u2019issue de la vaste consultation qui se termine aujourd\u2019hui, seule&hellip;\n","protected":false},"author":2,"featured_media":501316,"comment_status":"","ping_status":"","sticky":false,"template":"","format":"standard","meta":{"footnotes":""},"categories":[1586],"tags":[11,1777,674,1779,1011,27,4438,12,25,2582,1778,364],"class_list":{"0":"post-501315","1":"post","2":"type-post","3":"status-publish","4":"format-standard","5":"has-post-thumbnail","7":"category-europe","8":"tag-actualites","9":"tag-eu","10":"tag-europe","11":"tag-european-union","12":"tag-fr","13":"tag-france","14":"tag-free","15":"tag-news","16":"tag-republique-francaise","17":"tag-suisse-ue","18":"tag-ue","19":"tag-union-europeenne"},"share_on_mastodon":{"url":"https:\/\/pubeurope.com\/@fr\/115466490643869014","error":""},"_links":{"self":[{"href":"https:\/\/www.europesays.com\/fr\/wp-json\/wp\/v2\/posts\/501315","targetHints":{"allow":["GET"]}}],"collection":[{"href":"https:\/\/www.europesays.com\/fr\/wp-json\/wp\/v2\/posts"}],"about":[{"href":"https:\/\/www.europesays.com\/fr\/wp-json\/wp\/v2\/types\/post"}],"author":[{"embeddable":true,"href":"https:\/\/www.europesays.com\/fr\/wp-json\/wp\/v2\/users\/2"}],"replies":[{"embeddable":true,"href":"https:\/\/www.europesays.com\/fr\/wp-json\/wp\/v2\/comments?post=501315"}],"version-history":[{"count":0,"href":"https:\/\/www.europesays.com\/fr\/wp-json\/wp\/v2\/posts\/501315\/revisions"}],"wp:featuredmedia":[{"embeddable":true,"href":"https:\/\/www.europesays.com\/fr\/wp-json\/wp\/v2\/media\/501316"}],"wp:attachment":[{"href":"https:\/\/www.europesays.com\/fr\/wp-json\/wp\/v2\/media?parent=501315"}],"wp:term":[{"taxonomy":"category","embeddable":true,"href":"https:\/\/www.europesays.com\/fr\/wp-json\/wp\/v2\/categories?post=501315"},{"taxonomy":"post_tag","embeddable":true,"href":"https:\/\/www.europesays.com\/fr\/wp-json\/wp\/v2\/tags?post=501315"}],"curies":[{"name":"wp","href":"https:\/\/api.w.org\/{rel}","templated":true}]}}