{"id":501317,"date":"2025-10-31T02:46:13","date_gmt":"2025-10-31T02:46:13","guid":{"rendered":"https:\/\/www.europesays.com\/fr\/501317\/"},"modified":"2025-10-31T02:46:13","modified_gmt":"2025-10-31T02:46:13","slug":"les-images-exclusives-de-la-scene","status":"publish","type":"post","link":"https:\/\/www.europesays.com\/fr\/501317\/","title":{"rendered":"les images exclusives de la sc\u00e8ne"},"content":{"rendered":"<p>            Par<br \/>\n        <strong><br \/>\n            <a href=\"https:\/\/actu.fr\/auteur\/redaction-lyon\" title=\"Consulter tous les articles de R\u00e9daction Lyon\" rel=\"nofollow noopener\" target=\"_blank\">R\u00e9daction Lyon<\/a><br \/>\n        <\/strong><\/p>\n<p>        Publi\u00e9 le<\/p>\n<p>            30 oct. 2025 \u00e0 19h18        <\/p>\n<p>Six auteurs pr\u00e9sum\u00e9s d\u2019un <a href=\"https:\/\/actu.fr\/auvergne-rhone-alpes\/lyon_69123\/lyon-une-explosion-des-hommes-lourdement-armes-grosse-operation-de-police-en-cours_63372736.html\" rel=\"nofollow noopener\" target=\"_blank\">braquage \u00e0 l\u2019explosif d\u2019un laboratoire de raffinerie d\u2019or<\/a> \u00e0 <a href=\"https:\/\/actu.fr\/auvergne-rhone-alpes\/lyon_69123\" rel=\"nofollow noopener\" target=\"_blank\">Lyon<\/a> ont \u00e9t\u00e9 arr\u00eat\u00e9s jeudi au terme d\u2019une course-poursuite avec la police et leur butin r\u00e9cup\u00e9r\u00e9, a annonc\u00e9 la pr\u00e9fecture .<\/p>\n<p class=\" wall-content\">Cinq employ\u00e9s des Laboratoires Pourquery, dans le 7\u00e8me arrondissement, ont \u00e9t\u00e9 \u00ab\u00a0l\u00e9g\u00e8rement bless\u00e9s par l\u2019explosion\u00a0\u00bb, dont trois emmen\u00e9s \u00e0 l\u2019h\u00f4pital pour \u00ab\u00a0v\u00e9rification\u00a0\u00bb de leur \u00e9tat, a pr\u00e9cis\u00e9 la m\u00eame source.<\/p>\n<p>Armes \u00e0 feu longues et explosifs<\/p>\n<p class=\" wall-content\">Peu avant 14h, des individus \u00e9quip\u00e9s notamment \u00ab\u00a0d\u2019armes \u00e0 feu longues\u00a0\u00bb ont attaqu\u00e9 cette raffinerie de m\u00e9taux pr\u00e9cieux, principalement de l\u2019or, \u00ab\u00a0au moyen d\u2019explosifs\u00a0\u00bb, avant de prendre la fuite en voiture, a d\u00e9taill\u00e9 la pr\u00e9fecture.<\/p>\n<p class=\" wall-content\">Au terme d\u2019une course-poursuite avec des policiers de la Brigade de Recherche et d\u2019Intervention (BRI), \u00ab\u00a0cinq auteurs du braquage\u00a0\u00bb ont \u00e9t\u00e9 interpell\u00e9s et leur butin r\u00e9cup\u00e9r\u00e9, selon la pr\u00e9fecture.<\/p>\n<p>Les images du braquage film\u00e9 en direct<\/p>\n<p class=\" wall-content\">Sur une vid\u00e9o diffus\u00e9e sur les r\u00e9seaux sociaux, des voisins ont film\u00e9 peu apr\u00e8s une violente explosion, le b\u00e2timent sigl\u00e9 Laboratoires Pourquery devant lequel stationne une fourgonnette blanche surmont\u00e9e d\u2019un gyrophare bleu.<\/p>\n<p class=\" wall-content\">Sur les images, on peut voir trois individus arm\u00e9s sortir du b\u00e2timent, dont l\u2019un porte une casquette et un brassard orange, et un autre, cagoul\u00e9, muni d\u2019une \u00e9chelle avec laquelle ils commencent \u00e0 escalader la cl\u00f4ture m\u00e9tallique de l\u2019entreprise.<\/p>\n<p class=\" wall-content\"><strong>Vid\u00e9o. Les images in\u00e9dites du braquage film\u00e9 par un t\u00e9moin<\/strong><\/p>\n<p class=\" wall-content\">Sur une autre vid\u00e9o vue d\u2019un angle diff\u00e9rent, on distingue un braqueur portant une arme du type fusil d\u2019assaut qui ouvre une porte arri\u00e8re de la fourgonnette, dans laquelle un complice vient charger calmement deux mallettes noires.<\/p>\n<p>Votre r\u00e9gion, votre actu !<\/p>\n<p>Recevez chaque jour les infos qui comptent pour vous.<\/p>\n<p>\t<a href=\"https:\/\/actu.fr\/newsletter\" class=\"ac-btn ac-btn--corner ac-btn--medium ac-btn--blue800\" rel=\"nofollow noopener\" target=\"_blank\">S&rsquo;incrire<\/a><\/p>\n<p class=\" wall-content\">Dans le premier document vid\u00e9o des voisins, on entend une personne qui donne l\u2019alerte aux services de secours. Des \u00e9quipages de policiers ont alors \u00e9t\u00e9 \u00ab\u00a0rapidement\u00a0\u00bb d\u00e9p\u00each\u00e9s sur place, dont la BRI de Lyon qui a re\u00e7u des renforts de la BRI de Dijon et d\u2019effectifs de la BRI nationale bas\u00e9s dans la r\u00e9gion, a pr\u00e9cis\u00e9 la pr\u00e9fecture.<\/p>\n<p class=\" wall-content\">Des agents de la police technique et scientifique ont effectu\u00e9 des relev\u00e9s sur place.<\/p>\n<p class=\" wall-content\">Une enqu\u00eate a \u00e9t\u00e9 confi\u00e9e \u00e0 la police judiciaire et les six suspects arr\u00eat\u00e9s ont \u00e9t\u00e9 plac\u00e9s en garde \u00e0 vue.<\/p>\n<p class=\" wall-content\"><strong>Avec AFP<\/strong><\/p>\n<p class=\" wall-content\">Personnalisez votre actualit\u00e9 en ajoutant vos villes et m\u00e9dias en favori avec <a href=\"https:\/\/moncompte.actu.fr\" title=\"D\u00e9couvez Mon Actu\" rel=\"nofollow noopener\" data-trk=\"{&quot;cta&quot;:{&quot;action&quot;:&quot;https:\\\/\\\/moncompte.actu.fr&quot;,&quot;category&quot;:&quot;mon compte&quot;,&quot;from&quot;:&quot;article footer&quot;,&quot;name&quot;:&quot;Mon actu&quot;,&quot;type&quot;:&quot;cta&quot;}}\" target=\"_blank\">Mon Actu<\/a>.<\/p>\n","protected":false},"excerpt":{"rendered":"Par R\u00e9daction Lyon Publi\u00e9 le 30 oct. 2025 \u00e0 19h18 Six auteurs pr\u00e9sum\u00e9s d\u2019un braquage \u00e0 l\u2019explosif d\u2019un&hellip;\n","protected":false},"author":2,"featured_media":501318,"comment_status":"","ping_status":"","sticky":false,"template":"","format":"standard","meta":{"footnotes":""},"categories":[2],"tags":[11,118,1011,27,5303,303,12,1072,25],"class_list":{"0":"post-501317","1":"post","2":"type-post","3":"status-publish","4":"format-standard","5":"has-post-thumbnail","7":"category-actualites","8":"tag-actualites","9":"tag-faits-divers","10":"tag-fr","11":"tag-france","12":"tag-gerland","13":"tag-justice","14":"tag-news","15":"tag-police","16":"tag-republique-francaise"},"share_on_mastodon":{"url":"https:\/\/pubeurope.com\/@fr\/115466494578298040","error":""},"_links":{"self":[{"href":"https:\/\/www.europesays.com\/fr\/wp-json\/wp\/v2\/posts\/501317","targetHints":{"allow":["GET"]}}],"collection":[{"href":"https:\/\/www.europesays.com\/fr\/wp-json\/wp\/v2\/posts"}],"about":[{"href":"https:\/\/www.europesays.com\/fr\/wp-json\/wp\/v2\/types\/post"}],"author":[{"embeddable":true,"href":"https:\/\/www.europesays.com\/fr\/wp-json\/wp\/v2\/users\/2"}],"replies":[{"embeddable":true,"href":"https:\/\/www.europesays.com\/fr\/wp-json\/wp\/v2\/comments?post=501317"}],"version-history":[{"count":0,"href":"https:\/\/www.europesays.com\/fr\/wp-json\/wp\/v2\/posts\/501317\/revisions"}],"wp:featuredmedia":[{"embeddable":true,"href":"https:\/\/www.europesays.com\/fr\/wp-json\/wp\/v2\/media\/501318"}],"wp:attachment":[{"href":"https:\/\/www.europesays.com\/fr\/wp-json\/wp\/v2\/media?parent=501317"}],"wp:term":[{"taxonomy":"category","embeddable":true,"href":"https:\/\/www.europesays.com\/fr\/wp-json\/wp\/v2\/categories?post=501317"},{"taxonomy":"post_tag","embeddable":true,"href":"https:\/\/www.europesays.com\/fr\/wp-json\/wp\/v2\/tags?post=501317"}],"curies":[{"name":"wp","href":"https:\/\/api.w.org\/{rel}","templated":true}]}}