{"id":501324,"date":"2025-10-31T02:52:10","date_gmt":"2025-10-31T02:52:10","guid":{"rendered":"https:\/\/www.europesays.com\/fr\/501324\/"},"modified":"2025-10-31T02:52:10","modified_gmt":"2025-10-31T02:52:10","slug":"classement-atp-comment-jannik-sinner-peut-coiffer-carlos-alcaraz-et-finir-lannee-n1-eurosport","status":"publish","type":"post","link":"https:\/\/www.europesays.com\/fr\/501324\/","title":{"rendered":"Classement ATP &#8211; Comment Jannik Sinner peut coiffer Carlos Alcaraz et finir l&#039;ann\u00e9e N\u00b01 &#8211; Eurosport"},"content":{"rendered":"<ol>\n<li><a href=\"https:\/\/news.google.com\/rss\/articles\/CBMi_AFBVV95cUxPWlZpV196ZGxmc3JHRHZ3bTIxN25zeGRyRTJOMXdRNVVKa2xVOHFZOEJYYjZaQzFSaFBDX045Y0xvaVltVE1QaEFCcEJaSVVKZnZmYm4ybnpEWUVBX1VoMmRMd0FqRi1KaTV0cWRuU20wTXF0V0NWVDJWTHR6TDJLbXRYaDY0M0NkWFdMdDY2NEdrRDQ2WkpMRzNxLTZaUjBnQXlXUWJiVEVBLS14VzFETE5yOC16TXp4MWZNeUFLd1R6NHBxakY2WGRYSTJqQlM2cWpZRkhyUWg3SnJXLU5xbWlWSWNGQlNtZUlsb0dnMlQ2b3VsOV8xaUZIWjI?oc=5\" target=\"_blank\" rel=\"nofollow noopener\">Classement ATP &#8211; Comment Jannik Sinner peut coiffer Carlos Alcaraz et finir l&rsquo;ann\u00e9e N\u00b01<\/a>&nbsp;&nbsp;Eurosport<\/li>\n<li><a href=\"https:\/\/news.google.com\/rss\/articles\/CBMi3AFBVV95cUxORFVhVmJBTjFGSE4xTVhoRE5mRzA4TWZJUVpDa1FSZXNpckRTS0FST1c2d0RKSXFsVmFDYl9xX1RQTzlZd0phVWJlcURmbVRuOHBVQ2l1d0ZWVlpyVkJUSnQydlhIN3BseE4yZTVGSHBSZ2JadER6RC1WZXFUVURLb3dMYXdWOW16eXYyaDRtMHF0SFh4YzBMT0c3QUdOcFBWLWRmcUZxTFE4YzFsUzd6VmZVTW9DNXQwZ2lTU080UklkazZJUlUxZ3JWUXZVOXBkWEtNLUNXbWp5TlBq?oc=5\" target=\"_blank\" rel=\"nofollow noopener\">R\u00e9sultat et r\u00e9sum\u00e9 : Francisco Cerundolo &#8211; Jannik Sinner<\/a>&nbsp;&nbsp;L&rsquo;\u00c9quipe<\/li>\n<li><a href=\"https:\/\/news.google.com\/rss\/articles\/CBMimwFBVV95cUxPNlhHUEJNMmxPcFlfNVItX01aNFJzOEVwc0w4VnJrakVNekRFLXZQd0d2TWJxelZXVG5lUzZmaWJEWEZxdEFGMklFZW1Ycm1LbHh2YTBFU2JIYkd0cTlmVy11WFRJakx4QjQwT1Q5RTAwalJWV09uT0RMOTFCcWUtNTlrNUhvVTVzRlJDX3pLVzRuTm1ObHZ3VWFTcw?oc=5\" target=\"_blank\" rel=\"nofollow noopener\">Tennis : revivez la premi\u00e8re qualification de Sinner en quart \u00e0 Paris face \u00e0 Cer\u00fandolo<\/a>&nbsp;&nbsp;Le Figaro<\/li>\n<li><a href=\"https:\/\/news.google.com\/rss\/articles\/CBMipwFBVV95cUxPbS1JREVOY3VhRk9FQ2JFRUFTRDRDOWhPVGZRaTN1ekVGaGxJVmY4VzV6UGpnenB0blZVLW9lQTd0OTdZU0FBMi1pTmd1UEFTMndiZHJHMnZFem9XRXJCSTVZaHNNdmVqQlFBaGg5bmVXOFZvZzFWUS15TnpGdE1ZSUxELTcyVkdvV05Id3dUSlljVzA3TUZzdlExc0pTWVF3clN0TVMwRQ?oc=5\" target=\"_blank\" rel=\"nofollow noopener\">Rolex Paris Masters &#8211; Sinner rejoint les quarts<\/a>&nbsp;&nbsp;Sports &#8211; Orange<\/li>\n<li><a href=\"https:\/\/news.google.com\/rss\/articles\/CBMi4AFBVV95cUxPQWVDWjJDR3A5a0FMbXdGWlQ2cUtHeFlHSHEzR2pxbDBoRHlxTDdCcHBOUHUzeEVIWTlvVkN1eGljMlBqX1FpMzVuNWpDWXNxdU1VMWJuaVJ6WFRLYWZMRkpaTk1mZVlLS1BWQlBTbnlhMWlVWHI1TTBseFAta1N6Q1F1dWVmdVFQb3VHcHczSHVDVHRYcERITm9zcGl1VjFqemV6TG0yUHF0cVl2cXJoZ2lDQ3BmUjZhS0NJZ04xYUkxSGRIc1poaE9HaTF3UXVFWS1IRVhtWGdITU5WVzAweA?oc=5\" target=\"_blank\" rel=\"nofollow noopener\">Tennis: Sinner s&rsquo;offre un premier quart \u00e0 Paris, Shelton et De Minaur qualifi\u00e9s pour le Masters<\/a>&nbsp;&nbsp;France 24<\/li>\n<\/ol>\n","protected":false},"excerpt":{"rendered":"Classement ATP &#8211; Comment Jannik Sinner peut coiffer Carlos Alcaraz et finir l&rsquo;ann\u00e9e N\u00b01&nbsp;&nbsp;Eurosport R\u00e9sultat et r\u00e9sum\u00e9 :&hellip;\n","protected":false},"author":2,"featured_media":395849,"comment_status":"","ping_status":"","sticky":false,"template":"","format":"standard","meta":{"footnotes":""},"categories":[1415],"tags":[1011,27,60,1467],"class_list":{"0":"post-501324","1":"post","2":"type-post","3":"status-publish","4":"format-standard","5":"has-post-thumbnail","7":"category-tennis","8":"tag-fr","9":"tag-france","10":"tag-sports","11":"tag-tennis"},"share_on_mastodon":{"url":"https:\/\/pubeurope.com\/@fr\/115466518075632231","error":""},"_links":{"self":[{"href":"https:\/\/www.europesays.com\/fr\/wp-json\/wp\/v2\/posts\/501324","targetHints":{"allow":["GET"]}}],"collection":[{"href":"https:\/\/www.europesays.com\/fr\/wp-json\/wp\/v2\/posts"}],"about":[{"href":"https:\/\/www.europesays.com\/fr\/wp-json\/wp\/v2\/types\/post"}],"author":[{"embeddable":true,"href":"https:\/\/www.europesays.com\/fr\/wp-json\/wp\/v2\/users\/2"}],"replies":[{"embeddable":true,"href":"https:\/\/www.europesays.com\/fr\/wp-json\/wp\/v2\/comments?post=501324"}],"version-history":[{"count":0,"href":"https:\/\/www.europesays.com\/fr\/wp-json\/wp\/v2\/posts\/501324\/revisions"}],"wp:featuredmedia":[{"embeddable":true,"href":"https:\/\/www.europesays.com\/fr\/wp-json\/wp\/v2\/media\/395849"}],"wp:attachment":[{"href":"https:\/\/www.europesays.com\/fr\/wp-json\/wp\/v2\/media?parent=501324"}],"wp:term":[{"taxonomy":"category","embeddable":true,"href":"https:\/\/www.europesays.com\/fr\/wp-json\/wp\/v2\/categories?post=501324"},{"taxonomy":"post_tag","embeddable":true,"href":"https:\/\/www.europesays.com\/fr\/wp-json\/wp\/v2\/tags?post=501324"}],"curies":[{"name":"wp","href":"https:\/\/api.w.org\/{rel}","templated":true}]}}