{"id":501327,"date":"2025-10-31T02:57:11","date_gmt":"2025-10-31T02:57:11","guid":{"rendered":"https:\/\/www.europesays.com\/fr\/501327\/"},"modified":"2025-10-31T02:57:11","modified_gmt":"2025-10-31T02:57:11","slug":"brest-roy-perd-patience-maxifoot","status":"publish","type":"post","link":"https:\/\/www.europesays.com\/fr\/501327\/","title":{"rendered":"Brest : Roy perd patience &#8211; Maxifoot"},"content":{"rendered":"<ol>\n<li><a href=\"https:\/\/news.google.com\/rss\/articles\/CBMicEFVX3lxTE9sX085UEhZcTRoYmVwRERPek5hR2hWRUtOY0RLU3hwTFFkbU1mblF6Smg4ZWx2M2RRMTlkVXprbnN3NXVvdmRrYVFudHZ3M2JBVlMyemZEeGQwZjRkbm9LTEpqX0s0SkVNQTNpanBlajXSAXBBVV95cUxNYTVEaXczZnRtVGRfNnoxRFRlUHg0dGdkUTRDNFJNMS0zb2hhaGgwZ0FfRlB1eDhJM0I1V0Z1aXVncXN6Vnc1T0VRZXdPMnFLX0E2SlA4aXpWTWpSSS1ZWFdXOEpQZWlPSGo1dTN1Y0Vn?oc=5\" target=\"_blank\" rel=\"nofollow noopener\">Brest : Roy perd patience<\/a>&nbsp;&nbsp;Maxifoot<\/li>\n<li><a href=\"https:\/\/news.google.com\/rss\/articles\/CBMi2wFBVV95cUxNWWtzdFhDY05yMFhVdnZ0bEIwQTlkTTAzSGJzR2ppcjYxNTFyYWh2T0VRVDlpbDE2cTNvSDhGbzlZc1poR0VZcWNEVjdGY0tGZDR5MTlEOEJ2YjN0U1B2cDBIcS1EYkhuY1JLSG5TZ2NGTndWekJjS29UdDdIVGR2dEZtZ1FiYy1PYnFpRVBWMUNoLW9ERlAtRWs5cFN6OFQxb2VWUUNxZUVINW9SSFFkWFJ5WVVqUjMyakVyenlSNmVicmpVaXhlTGkxZk5hV1ZVM21oRHRIM1FUWFE?oc=5\" target=\"_blank\" rel=\"nofollow noopener\">Eric Roy, entra\u00eeneur de Brest, apr\u00e8s la d\u00e9faite au Havre : \u00ab Il faut qu&rsquo;ils redescendent sur terre \u00bb<\/a>&nbsp;&nbsp;L&rsquo;\u00c9quipe<\/li>\n<li><a href=\"https:\/\/news.google.com\/rss\/articles\/CBMilAJBVV95cUxNanJ3Z3p4dWpZZHQ2dEp2OWlycHpPNlJveWhuc215bEFtcDlFTnlfeFFodWg1LVBZZG1VZldTQm5rRmduTUxYeHBkUGN6M2hkYW91VEFfQzhjS19uVjZRODFYVEdfdFFwX3ZZeG5EdU9WeEVqTXhOZDZXX2FBX1hrQzREbEJ4TTAtZlZaNVhzYXNZN2lGZGxsajdUOFU3bi1ta0dJVWNQMGxGTm5uQmlGRGRqb2xiNWZqU3gyRTJhdzl1YlRnN3RnZk11enFOaW5nWFQ2Y3VIWl9POXBWWl9JeXhQM1ZfMVVBUHd3dDhDMEtBd1BBSThxNGdja1ZQa0xwWXlSMUliR25nUkl6N1NFeWJYSW8?oc=5\" target=\"_blank\" rel=\"nofollow noopener\">Stade Brestois. \u00abIl faut qu\u2019ils redescendent vite sur terre\u00bb : quel est le sens du message de Roy ?<\/a>&nbsp;&nbsp;Ouest-France<\/li>\n<li><a href=\"https:\/\/news.google.com\/rss\/articles\/CBMisAFBVV95cUxOMUs3eS1URmx3bGJKbjlaQmE5anV2aWdJNDU0SjRONF9RRmxIbDhjQUxzZ0VnRjd1TUw5SXF5cFJCLXk2THptbnFUWEJvc1dBVEZkTEVRVmozZk54cXktYm12VGl3OUxkal9aTGtHOUl2VTJEM1k0MHhObFRKWVItN3dGNDlUbkxlS2NRQ1gwQWRNOXhhV2t3cWJzSWk2N016RUhaV3NxRmNERFczSVVNZ9IBrwFBVV95cUxNTDFFa2dMN1Y5bm10VUZTNDU2c1JLOGx3bHExdEtRY2ZuNXNHaHpUbVVwbEtqcWk5UUw4cl83VjRTNkNfQUpoMWdyUmo4VC1mZmpVbGcyRXlsNEx4cGN1bzlOSlV3LXpiNU9XR19jSHQ2MkxVb0tGWFM2NXZTa3hKa0FmbVg5ZzZVRlpENTFYRFMtVlEzY2JGVHQ5ZjNDQ1NUU3lERVVqRjVjNl9VU05Z?oc=5\" target=\"_blank\" rel=\"nofollow noopener\">Ligue 1 (J10) : Le joli coup du Havre \u00e0 Brest : Sports &#8211; Orange<\/a>&nbsp;&nbsp;Sports &#8211; Orange<\/li>\n<li><a href=\"https:\/\/news.google.com\/rss\/articles\/CBMisAFBVV95cUxPTVdjNFFKZXZqM3NhR3VYcFo0MWtqbURqRVd3bk9BSmZsMk4wWkYwZmJwRmpkZnRkbklna3JLZGttcG4ycUtndC1WUEtUcDBlZ21kNnU5U0l4c0toNFZETHdpQXNhb3g5RUNpc0x6Nk1BNmFoYlE2a3A5ZjlSdnRyQ1liM2hjc3FwaFZvTVNtZFdncGo3Tm9kbXRESmRDanFpLXEtNlluT1NjTjU1eVd1MQ?oc=5\" target=\"_blank\" rel=\"nofollow noopener\">Le Havre, du maintien au milieu de tableau : la mue sign\u00e9e Digard !<\/a>&nbsp;&nbsp;Foot Mercato<\/li>\n<\/ol>\n","protected":false},"excerpt":{"rendered":"Brest : Roy perd patience&nbsp;&nbsp;Maxifoot Eric Roy, entra\u00eeneur de Brest, apr\u00e8s la d\u00e9faite au Havre : \u00ab Il&hellip;\n","protected":false},"author":2,"featured_media":501328,"comment_status":"","ping_status":"","sticky":false,"template":"","format":"standard","meta":{"footnotes":""},"categories":[1410],"tags":[2266,2262,2261,1981,83,2260,451,2263,462,2269,2257,63,1011,27,2265,1441,453,66,447,2267,955,2268,241,149,70,1817,93,2264,2258,2259,60,969,455],"class_list":{"0":"post-501327","1":"post","2":"type-post","3":"status-publish","4":"format-standard","5":"has-post-thumbnail","7":"category-football","8":"tag-as-monaco","9":"tag-bundesligua","10":"tag-calcio","11":"tag-classement","12":"tag-coupe-de-france","13":"tag-coupe-de-la-ligue","14":"tag-coupe-du-monde","15":"tag-equipe","16":"tag-fc-nantes","17":"tag-fifa","18":"tag-foot","19":"tag-football","20":"tag-fr","21":"tag-france","22":"tag-girondins-bordeaux","23":"tag-joueur","24":"tag-liga","25":"tag-ligue-1","26":"tag-ligue-des-champions","27":"tag-losc","28":"tag-match","29":"tag-ogc-nice","30":"tag-ol","31":"tag-om","32":"tag-premier-league","33":"tag-pronostic","34":"tag-psg","35":"tag-rc-lens","36":"tag-resultat","37":"tag-score","38":"tag-sports","39":"tag-transfert","40":"tag-uefa"},"share_on_mastodon":{"url":"https:\/\/pubeurope.com\/@fr\/115466537771084768","error":""},"_links":{"self":[{"href":"https:\/\/www.europesays.com\/fr\/wp-json\/wp\/v2\/posts\/501327","targetHints":{"allow":["GET"]}}],"collection":[{"href":"https:\/\/www.europesays.com\/fr\/wp-json\/wp\/v2\/posts"}],"about":[{"href":"https:\/\/www.europesays.com\/fr\/wp-json\/wp\/v2\/types\/post"}],"author":[{"embeddable":true,"href":"https:\/\/www.europesays.com\/fr\/wp-json\/wp\/v2\/users\/2"}],"replies":[{"embeddable":true,"href":"https:\/\/www.europesays.com\/fr\/wp-json\/wp\/v2\/comments?post=501327"}],"version-history":[{"count":0,"href":"https:\/\/www.europesays.com\/fr\/wp-json\/wp\/v2\/posts\/501327\/revisions"}],"wp:featuredmedia":[{"embeddable":true,"href":"https:\/\/www.europesays.com\/fr\/wp-json\/wp\/v2\/media\/501328"}],"wp:attachment":[{"href":"https:\/\/www.europesays.com\/fr\/wp-json\/wp\/v2\/media?parent=501327"}],"wp:term":[{"taxonomy":"category","embeddable":true,"href":"https:\/\/www.europesays.com\/fr\/wp-json\/wp\/v2\/categories?post=501327"},{"taxonomy":"post_tag","embeddable":true,"href":"https:\/\/www.europesays.com\/fr\/wp-json\/wp\/v2\/tags?post=501327"}],"curies":[{"name":"wp","href":"https:\/\/api.w.org\/{rel}","templated":true}]}}