{"id":501335,"date":"2025-10-31T03:02:11","date_gmt":"2025-10-31T03:02:11","guid":{"rendered":"https:\/\/www.europesays.com\/fr\/501335\/"},"modified":"2025-10-31T03:02:11","modified_gmt":"2025-10-31T03:02:11","slug":"jul-annonce-la-sortie-de-son-prochain-album-tp-sur-tp-pour-le-5-decembre","status":"publish","type":"post","link":"https:\/\/www.europesays.com\/fr\/501335\/","title":{"rendered":"Jul annonce la sortie de son prochain album \u00ab\u00a0TP SUR TP\u00a0\u00bb pour le 5 d\u00e9cembre"},"content":{"rendered":"<p>Un troisi\u00e8me projet musical en 2025 ! Le rappeur marseillais <a href=\"https:\/\/www.laprovence.com\/article\/culture-loisirs\/3596575411152114\/plus-de-1000-titres-34-albums-et-pres-de-200-certifications-les-chiffres-vertigineux-de-la-carriere-de-jul\" target=\"_blank\" rel=\"noopener\">Jul<\/a> vient d&rsquo;annoncer la sortie de <strong>son prochain album<\/strong> nomm\u00e9 \u00ab\u00a0TP SUR TP\u00a0\u00bb pour le vendredi 5 d\u00e9cembre prochain.\u00a0<\/p>\n<p>L&rsquo;artiste le r\u00e9v\u00e8le \u00e0 la fin de <a href=\"https:\/\/www.laprovence.com\/article\/culture-loisirs\/1728471239812614\/jul-au-cinema-son-concert-au-stade-de-france-retransmis-dans-plusieurs-salles-en-provence\" target=\"_blank\" rel=\"noopener\">son \u00ab\u00a0film\u00a0\u00bb<\/a> \u2014 son <a href=\"https:\/\/www.laprovence.com\/article\/culture-loisirs\/5643310938354114\/video-jul-au-stade-de-france-devant-97-000-spectateurs-la-provence-y-etait-et-vous-raconte-ce-concert-evenement\" target=\"_blank\" rel=\"noopener\">concert au Stade de France<\/a> \u2014 diffus\u00e9 dans plusieurs salles de cin\u00e9ma et dont la premi\u00e8re s\u00e9ance se tenait <strong>ce jeudi 30 octobre<\/strong>. De nouvelles projections se tiendront samedi 1er novembre et dimanche 2 novembre.<\/p>\n<p><strong>Les pr\u00e9commandes<\/strong> seront disponibles \u00ab\u00a0la semaine prochaine\u00a0\u00bb.<\/p>\n<p>Il s&rsquo;agit de son <strong>3e projet en 2025<\/strong>, apr\u00e8s \u00ab\u00a0D&amp;P \u00e0 vie\u00a0\u00bb en avril (d\u00e9j\u00e0 certifi\u00e9 triple platine en octobre) et \u00ab\u00a0Album Gratuit Vol. 8\u00a0\u00bb en septembre.<\/p>\n<p>Avec la sortie de \u00ab\u00a0TP SUR TP\u00a0\u00bb, le \u00ab\u00a0J\u00a0\u00bb totalisera <strong>36 albums*<\/strong>\u00a0au total (dont 25 studio et 11 gratuits).\u00a0<\/p>\n<p>*La Provence\u00a0a d\u00e9cid\u00e9 de ne pas tenir compte de son tout premier projet intitul\u00e9 \u00ab\u00a0<a href=\"https:\/\/genius.com\/albums\/Jul\/Jlaisse-ma-marque\" target=\"_blank\" rel=\"noopener\">J&rsquo;laisse ma marque<\/a>\u00a0\u00bb (2007).<\/p>\n","protected":false},"excerpt":{"rendered":"Un troisi\u00e8me projet musical en 2025 ! Le rappeur marseillais Jul vient d&rsquo;annoncer la sortie de son prochain&hellip;\n","protected":false},"author":2,"featured_media":501336,"comment_status":"","ping_status":"","sticky":false,"template":"","format":"standard","meta":{"footnotes":""},"categories":[1355],"tags":[17,1692,2562,1102,251,58,59,1011,27,1279,1361,873,11418,3711,3686,62337],"class_list":{"0":"post-501335","1":"post","2":"type-post","3":"status-publish","4":"format-standard","5":"has-post-thumbnail","7":"category-musique","8":"tag-17","9":"tag-album","10":"tag-annonce","11":"tag-breakingnews","12":"tag-culture","13":"tag-divertissement","14":"tag-entertainment","15":"tag-fr","16":"tag-france","17":"tag-jul","18":"tag-music","19":"tag-musique","20":"tag-prochain","21":"tag-son","22":"tag-sortie","23":"tag-tp"},"share_on_mastodon":{"url":"https:\/\/pubeurope.com\/@fr\/115466557511345158","error":""},"_links":{"self":[{"href":"https:\/\/www.europesays.com\/fr\/wp-json\/wp\/v2\/posts\/501335","targetHints":{"allow":["GET"]}}],"collection":[{"href":"https:\/\/www.europesays.com\/fr\/wp-json\/wp\/v2\/posts"}],"about":[{"href":"https:\/\/www.europesays.com\/fr\/wp-json\/wp\/v2\/types\/post"}],"author":[{"embeddable":true,"href":"https:\/\/www.europesays.com\/fr\/wp-json\/wp\/v2\/users\/2"}],"replies":[{"embeddable":true,"href":"https:\/\/www.europesays.com\/fr\/wp-json\/wp\/v2\/comments?post=501335"}],"version-history":[{"count":0,"href":"https:\/\/www.europesays.com\/fr\/wp-json\/wp\/v2\/posts\/501335\/revisions"}],"wp:featuredmedia":[{"embeddable":true,"href":"https:\/\/www.europesays.com\/fr\/wp-json\/wp\/v2\/media\/501336"}],"wp:attachment":[{"href":"https:\/\/www.europesays.com\/fr\/wp-json\/wp\/v2\/media?parent=501335"}],"wp:term":[{"taxonomy":"category","embeddable":true,"href":"https:\/\/www.europesays.com\/fr\/wp-json\/wp\/v2\/categories?post=501335"},{"taxonomy":"post_tag","embeddable":true,"href":"https:\/\/www.europesays.com\/fr\/wp-json\/wp\/v2\/tags?post=501335"}],"curies":[{"name":"wp","href":"https:\/\/api.w.org\/{rel}","templated":true}]}}