{"id":501349,"date":"2025-10-31T03:09:12","date_gmt":"2025-10-31T03:09:12","guid":{"rendered":"https:\/\/www.europesays.com\/fr\/501349\/"},"modified":"2025-10-31T03:09:12","modified_gmt":"2025-10-31T03:09:12","slug":"pourquoi-cette-image-dun-lynx-iberique-blanc-prise-en-espagne-est-extremement-rare","status":"publish","type":"post","link":"https:\/\/www.europesays.com\/fr\/501349\/","title":{"rendered":"Pourquoi cette image d\u2019un lynx ib\u00e9rique blanc prise en Espagne est extr\u00eamement rare"},"content":{"rendered":"<p>        <img decoding=\"async\" loading=\"lazy\" src=\"https:\/\/www.europesays.com\/fr\/wp-content\/uploads\/2025\/10\/d21f41b_upload-1-xwooco4o0uov-afp-20251006-4966760-v1-midres-spainprovincecastilelamanchaprivateprop.jpeg\"  width=\"728\" height=\"410\" alt=\"Photo d\u2019illustration d\u2019un lynx ib\u00e9rique prise en Espagne, dans la province de Castille-La Manche.\"\/>  <\/p>\n<p>CORDIER SYLVAIN \/ HEMIS.FR \/ Hemis via AFP<\/p>\n<p>Photo d\u2019illustration d\u2019un lynx ib\u00e9rique prise en Espagne, dans la province de Castille-La Manche.<\/p>\n<p class=\"asset asset-text\">ENVIRONNEMENT &#8211; Tel un ange tomb\u00e9 du ciel. \u00c1ngel Hidalgo, photographe amateur espagnol, a eu la chance immense de capturer les images d\u2019un <a href=\"https:\/\/www.huffingtonpost.fr\/environnement\/article\/animaux-comment-le-lynx-iberique-espece-menacee-depuis-plus-de-20-ans-est-en-voie-d-etre-sauve_235782.html\" target=\"_blank\" rel=\"noopener\">lynx ib\u00e9rique<\/a> blanc, rapporte ce jeudi 30\u00a0octobre la presse espagnole. Ce f\u00e9lin est le premier cas de leucisme observ\u00e9 chez cette esp\u00e8ce.<\/p>\n<p class=\"asset asset-text\">Cette maladie g\u00e9n\u00e9tique provoque une absence partielle ou totale de pigmentation de la peau, rendant le pelage presque blanc comme neige. Contrairement \u00e0 <a href=\"https:\/\/www.huffingtonpost.fr\/environnement\/article\/pourquoi-la-decouverte-du-premier-ocelot-albinos-au-monde-n-est-pas-une-bonne-nouvelle_212125.html\" target=\"_blank\" rel=\"noopener\">l\u2019albinisme<\/a>, les yeux des animaux ne sont pas affect\u00e9s.<\/p>\n<p class=\"asset asset-text\">Selon le m\u00e9dia local Hora Ja\u00e9n, cette d\u00e9couverte sans pr\u00e9c\u00e9dent a eu lieu le 22 octobre dans la province de Ja\u00e9n, dans le sud de l\u2019Espagne. \u00c1ngel Hidalgo avait d\u00e9pos\u00e9 dans ce secteur des \u00ab\u00a0pi\u00e8ges photographiques\u00a0\u00bb, qui sont de petites cam\u00e9ras positionn\u00e9es dans des endroits strat\u00e9giques filmant en continue la faune et la flore sauvage.<\/p>\n<p> La lecture de ce contenu est susceptible d\u2019entra\u00eener un d\u00e9p\u00f4t de cookies de la part de l\u2019op\u00e9rateur tiers qui l\u2019h\u00e9berge. Compte-tenu des choix que vous avez exprim\u00e9s en mati\u00e8re de d\u00e9p\u00f4t de cookies, nous avons bloqu\u00e9 l\u2019affichage de ce contenu. Si vous souhaitez y acc\u00e9der, vous devez accepter la cat\u00e9gorie de cookies \u201cContenus tiers\u201d en cliquant sur le bouton ci-dessous. <\/p>\n<p> Lire la Vid\u00e9o        <\/p>\n<p class=\"asset asset-text\">Mais Angel Hidalgo voulait voir l\u2019animal de ses propres yeux et a pass\u00e9 \u00ab\u00a0des heures, des jours, des semaines et des mois\u00a0\u00bb \u00e0 le chercher. \u00ab\u00a0Sans succ\u00e8s, j\u2019\u00e9tais sur le point de jeter l\u2019\u00e9ponge&#8230;\u00a0\u00bb, explique-t-il dans une publication Facebook, avant de tomber nez \u00e0 nez avec ce f\u00e9lin aux \u00ab\u00a0 yeux per\u00e7ants\u00a0\u00bb.<\/p>\n<p>                     La population de lynx ib\u00e9rique augmente    <\/p>\n<p class=\"asset asset-text\">L\u2019emplacement de la d\u00e9couverte est tenu secret pour des raisons de s\u00e9curit\u00e9 et de bien-\u00eatre de l\u2019animal, pr\u00e9cise le m\u00e9dia local Hora Ja\u00e9n.<\/p>\n<p> La lecture de ce contenu est susceptible d\u2019entra\u00eener un d\u00e9p\u00f4t de cookies de la part de l\u2019op\u00e9rateur tiers qui l\u2019h\u00e9berge. Compte-tenu des choix que vous avez exprim\u00e9s en mati\u00e8re de d\u00e9p\u00f4t de cookies, nous avons bloqu\u00e9 l\u2019affichage de ce contenu. Si vous souhaitez y acc\u00e9der, vous devez accepter la cat\u00e9gorie de cookies \u201cContenus tiers\u201d en cliquant sur le bouton ci-dessous. <\/p>\n<p> Lire la Vid\u00e9o        <\/p>\n<p class=\"asset asset-text\">Par ailleurs, cette d\u00e9couverte est aussi un signe positif. Le lynx ib\u00e9rique \u00e9tait il y a encore vingt ans le f\u00e9lin le plus menac\u00e9 au monde, \u00e0 cause du braconnage, des accidents de la route et de l\u2019avancement urbain sur son habitat naturel, ainsi que la rar\u00e9faction des lapins sauvages, principale proie du lynx. Mais bonne nouvelle, leur population a presque doubl\u00e9 entre 2020\u00a0et 2023, \u00a0en Espagne et au Portugal, d\u2019apr\u00e8s un rapport du gouvernement espagnol datant de 2024.<\/p>\n","protected":false},"excerpt":{"rendered":"CORDIER SYLVAIN \/ HEMIS.FR \/ Hemis via AFP Photo d\u2019illustration d\u2019un lynx ib\u00e9rique prise en Espagne, dans la&hellip;\n","protected":false},"author":2,"featured_media":501350,"comment_status":"","ping_status":"","sticky":false,"template":"","format":"standard","meta":{"footnotes":""},"categories":[5],"tags":[11,1867,436,123,1011,27,14,12,20528,28],"class_list":{"0":"post-501349","1":"post","2":"type-post","3":"status-publish","4":"format-standard","5":"has-post-thumbnail","7":"category-international","8":"tag-actualites","9":"tag-animaux","10":"tag-environnement","11":"tag-espagne","12":"tag-fr","13":"tag-france","14":"tag-international","15":"tag-news","16":"tag-photographe","17":"tag-world"},"share_on_mastodon":{"url":"https:\/\/pubeurope.com\/@fr\/115466585075964898","error":""},"_links":{"self":[{"href":"https:\/\/www.europesays.com\/fr\/wp-json\/wp\/v2\/posts\/501349","targetHints":{"allow":["GET"]}}],"collection":[{"href":"https:\/\/www.europesays.com\/fr\/wp-json\/wp\/v2\/posts"}],"about":[{"href":"https:\/\/www.europesays.com\/fr\/wp-json\/wp\/v2\/types\/post"}],"author":[{"embeddable":true,"href":"https:\/\/www.europesays.com\/fr\/wp-json\/wp\/v2\/users\/2"}],"replies":[{"embeddable":true,"href":"https:\/\/www.europesays.com\/fr\/wp-json\/wp\/v2\/comments?post=501349"}],"version-history":[{"count":0,"href":"https:\/\/www.europesays.com\/fr\/wp-json\/wp\/v2\/posts\/501349\/revisions"}],"wp:featuredmedia":[{"embeddable":true,"href":"https:\/\/www.europesays.com\/fr\/wp-json\/wp\/v2\/media\/501350"}],"wp:attachment":[{"href":"https:\/\/www.europesays.com\/fr\/wp-json\/wp\/v2\/media?parent=501349"}],"wp:term":[{"taxonomy":"category","embeddable":true,"href":"https:\/\/www.europesays.com\/fr\/wp-json\/wp\/v2\/categories?post=501349"},{"taxonomy":"post_tag","embeddable":true,"href":"https:\/\/www.europesays.com\/fr\/wp-json\/wp\/v2\/tags?post=501349"}],"curies":[{"name":"wp","href":"https:\/\/api.w.org\/{rel}","templated":true}]}}