{"id":501361,"date":"2025-10-31T03:18:11","date_gmt":"2025-10-31T03:18:11","guid":{"rendered":"https:\/\/www.europesays.com\/fr\/501361\/"},"modified":"2025-10-31T03:18:11","modified_gmt":"2025-10-31T03:18:11","slug":"au-honduras-la-campagne-presidentielle-electrisee-par-une-suspicion-de-fraude","status":"publish","type":"post","link":"https:\/\/www.europesays.com\/fr\/501361\/","title":{"rendered":"Au Honduras, la campagne pr\u00e9sidentielle \u00e9lectris\u00e9e par une suspicion de fraude"},"content":{"rendered":"<p>Les \u00e9lections g\u00e9n\u00e9rales du 30\u00a0novembre au <a href=\"https:\/\/www.ouest-france.fr\/monde\/honduras\/\" target=\"_self\" rel=\"noopener\">Honduras<\/a> approchent dans un climat tendu de suspicion de fraude \u00e9lectorale, apr\u00e8s la divulgation d\u2019enregistrements audios que la pr\u00e9sidente Xiomara Castro a assimil\u00e9 \u00e0 un <strong>\u00ab\u00a0coup d\u2019\u00c9tat \u00e9lectoral\u00a0\u00bb<\/strong>.<\/p>\n<p>Le procureur g\u00e9n\u00e9ral Johel Zelaya a divulgu\u00e9 mercredi 29\u00a0octobre 2025 des enregistrements audio dans lesquels on entend les voix suppos\u00e9es d\u2019une membre du Conseil nationale \u00e9lectoral (CNE), Cossette Lopez, du d\u00e9put\u00e9 Tomas Zambrano &#8211; tous deux membres de l\u2019opposition &#8211; et d\u2019un militaire non identifi\u00e9, qui d\u00e9battent comment <strong>\u00ab\u00a0manipuler le vote populaire\u00a0\u00bb<\/strong>.<\/p>\n<p>\n                Nous avons bloqu\u00e9 l\u2019affichage de ce contenu pour respecter vos choix en mati\u00e8re de cookies.<br \/>En cliquant sur \u00abConsulter\u00bb, vous acceptez le d\u00e9p\u00f4t de cookies par des services de r\u00e9seaux sociaux tels que Twitter.<br \/>\n                Consulter\n            <\/p>\n<blockquote class=\"twitter-tweet\" wp_automatic_readability=\"8.5838150289017\">\n<p lang=\"es\" dir=\"ltr\">Condeno con absoluta firmeza esta conspiraci\u00f3n criminal destinada a provocar un Golpe Electoral, tal como lo ha expresado el Fiscal General de la Rep\u00fablica.<br \/>He instruido a las Fuerzas Armadas a investigar de inmediato la participaci\u00f3n de cualquier militar activo, y al Canciller\u2026<\/p>\n<p>\u2014 Xiomara Castro de Zelaya (@XiomaraCastroZ) <a href=\"https:\/\/twitter.com\/XiomaraCastroZ\/status\/1983638551125487682?ref_src=twsrc%5Etfw\" target=\"_blank\" rel=\"noopener\">October 29, 2025<\/a><\/p><\/blockquote>\n<p><strong>\u00ab\u00a0Je condamne avec la plus grande fermet\u00e9 cette conspiration criminelle visant \u00e0 provoquer un coup d\u2019\u00c9tat \u00e9lectoral\u00a0\u00bb<\/strong>, a \u00e9crit la pr\u00e9sidente de gauche sur X. <strong>\u00ab\u00a0J\u2019ai ordonn\u00e9 aux Forces arm\u00e9es d\u2019enqu\u00eater imm\u00e9diatement sur la participation de tout militaire d\u2019active\u00a0\u00bb<\/strong>.<\/p>\n<p>Elle a ajout\u00e9 que cette pr\u00e9sum\u00e9e conspiration est promue par <strong>\u00ab\u00a0les m\u00eames groupes\u00a0\u00bb<\/strong> qui ont provoqu\u00e9 le coup d\u2019\u00c9tat militaire qui, en 2009, a renvers\u00e9 l\u2019ancien pr\u00e9sident Manuel Zelaya, son \u00e9poux.<\/p>\n<p>Accusation de \u00ab\u00a0manipulation\u00a0\u00bb<\/p>\n<p>Cette affaire \u00e9lectrise une campagne ind\u00e9cise o\u00f9 trois pr\u00e9tendants, Rixi Moncada, du parti Libre au pouvoir, Nasry Asfura du Parti National (droite), et Salvador Nasralla du Parti Lib\u00e9ral (droite), sont au coude-\u00e0-coude dans les sondages.<\/p>\n<p>Tomas Zambrano, chef de file du Parti National, a affirm\u00e9 que ces enregistrements<strong> \u00ab\u00a0sont totalement faux, fabriqu\u00e9s\u00a0\u00bb<\/strong> et <strong>\u00ab\u00a0manipul\u00e9s (avec) de l\u2019intelligence artificielle\u00a0\u00bb<\/strong>.<\/p>\n<p>Ces audios ont \u00e9t\u00e9 remis au procureur par un autre membre du CNE, membre du parti Libre.<\/p>\n<p>Quelque six millions de Honduriens sont appel\u00e9s \u00e0 la pr\u00e9sidentielle sur un seul tour, et \u00e0 l\u2019\u00e9lection de repr\u00e9sentants locaux.<\/p>\n<p>\u00a0<\/p>\n<p>\t\t<script async src=\"https:\/\/platform.twitter.com\/widgets.js\" charset=\"utf-8\"><\/script><\/p>\n","protected":false},"excerpt":{"rendered":"Les \u00e9lections g\u00e9n\u00e9rales du 30\u00a0novembre au Honduras approchent dans un climat tendu de suspicion de fraude \u00e9lectorale, apr\u00e8s&hellip;\n","protected":false},"author":2,"featured_media":501362,"comment_status":"","ping_status":"","sticky":false,"template":"","format":"standard","meta":{"footnotes":""},"categories":[9619],"tags":[1111,11,3226,62338,1777,674,1011,27,1006,15099,12,3766,882,25,62339,2310],"class_list":{"0":"post-501361","1":"post","2":"type-post","3":"status-publish","4":"format-standard","5":"has-post-thumbnail","7":"category-toulon","8":"tag-actu","9":"tag-actualites","10":"tag-campagne","11":"tag-electrisee","12":"tag-eu","13":"tag-europe","14":"tag-fr","15":"tag-france","16":"tag-fraude","17":"tag-honduras","18":"tag-news","19":"tag-presidentielle","20":"tag-provence-alpes-cote-dazur","21":"tag-republique-francaise","22":"tag-suspicion","23":"tag-toulon"},"share_on_mastodon":{"url":"https:\/\/pubeurope.com\/@fr\/115466620476151743","error":""},"_links":{"self":[{"href":"https:\/\/www.europesays.com\/fr\/wp-json\/wp\/v2\/posts\/501361","targetHints":{"allow":["GET"]}}],"collection":[{"href":"https:\/\/www.europesays.com\/fr\/wp-json\/wp\/v2\/posts"}],"about":[{"href":"https:\/\/www.europesays.com\/fr\/wp-json\/wp\/v2\/types\/post"}],"author":[{"embeddable":true,"href":"https:\/\/www.europesays.com\/fr\/wp-json\/wp\/v2\/users\/2"}],"replies":[{"embeddable":true,"href":"https:\/\/www.europesays.com\/fr\/wp-json\/wp\/v2\/comments?post=501361"}],"version-history":[{"count":0,"href":"https:\/\/www.europesays.com\/fr\/wp-json\/wp\/v2\/posts\/501361\/revisions"}],"wp:featuredmedia":[{"embeddable":true,"href":"https:\/\/www.europesays.com\/fr\/wp-json\/wp\/v2\/media\/501362"}],"wp:attachment":[{"href":"https:\/\/www.europesays.com\/fr\/wp-json\/wp\/v2\/media?parent=501361"}],"wp:term":[{"taxonomy":"category","embeddable":true,"href":"https:\/\/www.europesays.com\/fr\/wp-json\/wp\/v2\/categories?post=501361"},{"taxonomy":"post_tag","embeddable":true,"href":"https:\/\/www.europesays.com\/fr\/wp-json\/wp\/v2\/tags?post=501361"}],"curies":[{"name":"wp","href":"https:\/\/api.w.org\/{rel}","templated":true}]}}