{"id":501369,"date":"2025-10-31T03:33:02","date_gmt":"2025-10-31T03:33:02","guid":{"rendered":"https:\/\/www.europesays.com\/fr\/501369\/"},"modified":"2025-10-31T03:33:02","modified_gmt":"2025-10-31T03:33:02","slug":"le-chauffard-sans-permis-qui-a-fauche-un-cycliste-en-fuyant-la-police-avait-deja-failli-tuer-un-pieton","status":"publish","type":"post","link":"https:\/\/www.europesays.com\/fr\/501369\/","title":{"rendered":"Le chauffard sans permis qui a fauch\u00e9 un cycliste en fuyant la police avait d\u00e9j\u00e0 failli tuer un pi\u00e9ton"},"content":{"rendered":"<p>Les faits sont accablants. Mardi 28\u00a0octobre, un automobiliste a renvers\u00e9 un cycliste tout pr\u00e8s du centre commercial Italie, dans le quartier du Blosne, alors qu\u2019il tentait de fuir un contr\u00f4le de police. Pr\u00e9cisons que cet homme \u00e2g\u00e9 de 19 ans n\u2019est pas titulaire du <a href=\"https:\/\/www.20minutes.fr\/dossier\/permis_de_conduire\" class=\"c-link c-link--is-underlined\" target=\"_blank\" rel=\"noopener\">permis de conduire<\/a> et qu\u2019il conduisait une voiture vol\u00e9e. <\/p>\n<p>Lors de sa tentative de fuite, il avait \u00e0 son bord sa femme, enceinte, et un tr\u00e8s jeune enfant. Une pr\u00e9sence qui ne l\u2019a pas emp\u00each\u00e9 de partir en trombe du parking, percutant un homme qui circulait \u00e0 v\u00e9lo, avant de s\u2019ins\u00e9rer sur la rocade de Rennes puis de revenir en ville. Il a finalement \u00e9t\u00e9 interpell\u00e9 par les forces de l\u2019ordre dans le secteur Clemenceau.<\/p>\n<p>Le cycliste, un homme \u00e2g\u00e9 d\u2019une cinquantaine d\u2019ann\u00e9es, a \u00e9t\u00e9 s\u00e9rieusement bless\u00e9, notamment au visage. \u00ab\u00a0Il \u00e9tait en sang\u00a0\u00bb, confie une source polici\u00e8re \u00e0 20 Minutes. Des images ont m\u00eame \u00e9t\u00e9 diffus\u00e9es sur les r\u00e9seaux sociaux.<\/p>\n<p>D\u2019apr\u00e8s le procureur de la R\u00e9publique adjoint, la victime n\u2019est plus hospitalis\u00e9e. Son incapacit\u00e9 totale de travail a \u00e9t\u00e9 \u00e9valu\u00e9e \u00e0 dix jours.<\/p>\n<\/p>\n<p>D\u2019apr\u00e8s les premiers \u00e9l\u00e9ments de l\u2019enqu\u00eate, l\u2019automobiliste mis en cause fait \u00e9galement l\u2019objet de poursuites judiciaires dans <a href=\"https:\/\/www.ouest-france.fr\/bretagne\/rennes-35000\/a-rennes-un-pieton-renverse-et-grievement-blesse-par-une-voiture-lautomobiliste-a-pris-la-fuite-8cddfd1c-8f13-11f0-b721-b06ecd26fbd1\" rel=\"nofollow noopener\" target=\"_blank\" class=\"c-link c-link--is-underlined\">un autre accident commis le 11\u00a0septembre<\/a> \u00e0 l\u2019angle de la rue de Saint-Malo et de l\u2019avenue Charles et Raymonde Tillon, dans le nord de <a href=\"https:\/\/www.20minutes.fr\/rennes\/\" class=\"c-link c-link--is-underlined\" target=\"_blank\" rel=\"noopener\">Rennes<\/a>. Il avait alors fauch\u00e9 un pi\u00e9ton qui traversait sur un passage prot\u00e9g\u00e9, avant de prendre la fuite. La victime avait \u00e9t\u00e9 tr\u00e8s gri\u00e8vement bless\u00e9e. Son pronostic vital a \u00e9t\u00e9 longtemps engag\u00e9. \u00ab\u00a0Il ne l\u2019est plus \u00e0 l\u2019heure actuelle\u00a0\u00bb, pr\u00e9cise Jean-Marie-Blin, procureur adjoint.<\/p>\n<p>D\u00e9j\u00e0 condamn\u00e9 \u00e0 six reprises<\/p>\n<p>L\u2019homme mis en cause ferait, selon nos informations, partie de la communaut\u00e9 des gens du voyage \u00e9tablie \u00e0 Gros-Malhon. Il a d\u00e9j\u00e0 \u00e9t\u00e9 condamn\u00e9 \u00e0 six reprises notamment pour des d\u00e9lits routiers. Il devrait \u00eatre jug\u00e9 le 3\u00a0d\u00e9cembre pour des faits de blessures involontaires aggrav\u00e9es par d\u00e9lit de fuite et conduite sans permis, mais aussi de mise en danger de la vie d\u2019autrui, et de recel de vol. Le parquet a requis son placement en d\u00e9tention provisoire en attendant son proc\u00e8s.<\/p>\n","protected":false},"excerpt":{"rendered":"Les faits sont accablants. Mardi 28\u00a0octobre, un automobiliste a renvers\u00e9 un cycliste tout pr\u00e8s du centre commercial Italie,&hellip;\n","protected":false},"author":2,"featured_media":501370,"comment_status":"","ping_status":"","sticky":false,"template":"","format":"standard","meta":{"footnotes":""},"categories":[2821],"tags":[4376,1111,47,11,829,4378,22098,19462,1777,674,118,7641,1011,27,2903,848,12,5007,10636,41210,584,25,5009,208,4752],"class_list":{"0":"post-501369","1":"post","2":"type-post","3":"status-publish","4":"format-standard","5":"has-post-thumbnail","7":"category-rennes","8":"tag-accident-de-la-route","9":"tag-actu","10":"tag-actualite","11":"tag-actualites","12":"tag-bretagne","13":"tag-chauffard","14":"tag-cycliste","15":"tag-delit-de-fuite","16":"tag-eu","17":"tag-europe","18":"tag-faits-divers","19":"tag-faits-divers-rennes","20":"tag-fr","21":"tag-france","22":"tag-gens-du-voyage","23":"tag-ille-et-vilaine","24":"tag-news","25":"tag-permis-de-conduire","26":"tag-pietons","27":"tag-recidive","28":"tag-rennes","29":"tag-republique-francaise","30":"tag-securite-routiere","31":"tag-velo","32":"tag-voiture"},"share_on_mastodon":{"url":"https:\/\/pubeurope.com\/@fr\/115466679324067525","error":""},"_links":{"self":[{"href":"https:\/\/www.europesays.com\/fr\/wp-json\/wp\/v2\/posts\/501369","targetHints":{"allow":["GET"]}}],"collection":[{"href":"https:\/\/www.europesays.com\/fr\/wp-json\/wp\/v2\/posts"}],"about":[{"href":"https:\/\/www.europesays.com\/fr\/wp-json\/wp\/v2\/types\/post"}],"author":[{"embeddable":true,"href":"https:\/\/www.europesays.com\/fr\/wp-json\/wp\/v2\/users\/2"}],"replies":[{"embeddable":true,"href":"https:\/\/www.europesays.com\/fr\/wp-json\/wp\/v2\/comments?post=501369"}],"version-history":[{"count":0,"href":"https:\/\/www.europesays.com\/fr\/wp-json\/wp\/v2\/posts\/501369\/revisions"}],"wp:featuredmedia":[{"embeddable":true,"href":"https:\/\/www.europesays.com\/fr\/wp-json\/wp\/v2\/media\/501370"}],"wp:attachment":[{"href":"https:\/\/www.europesays.com\/fr\/wp-json\/wp\/v2\/media?parent=501369"}],"wp:term":[{"taxonomy":"category","embeddable":true,"href":"https:\/\/www.europesays.com\/fr\/wp-json\/wp\/v2\/categories?post=501369"},{"taxonomy":"post_tag","embeddable":true,"href":"https:\/\/www.europesays.com\/fr\/wp-json\/wp\/v2\/tags?post=501369"}],"curies":[{"name":"wp","href":"https:\/\/api.w.org\/{rel}","templated":true}]}}