{"id":501377,"date":"2025-10-31T03:39:31","date_gmt":"2025-10-31T03:39:31","guid":{"rendered":"https:\/\/www.europesays.com\/fr\/501377\/"},"modified":"2025-10-31T03:39:31","modified_gmt":"2025-10-31T03:39:31","slug":"nice-la-course-folle-dun-chauffard-se-termine-par-un-accident-en-plein-centre-ville-la-sequence-filmee","status":"publish","type":"post","link":"https:\/\/www.europesays.com\/fr\/501377\/","title":{"rendered":"Nice. La course folle d&rsquo;un chauffard se termine par un accident en plein centre-ville, la s\u00e9quence film\u00e9e"},"content":{"rendered":"<p>            Par<br \/>\n        <strong><br \/>\n            <a href=\"https:\/\/actu.fr\/auteur\/arthur-frand\" title=\"Consulter tous les articles de Arthur Frand\" rel=\"nofollow noopener\" target=\"_blank\">Arthur Frand<\/a><br \/>\n        <\/strong><\/p>\n<p>        Publi\u00e9 le<\/p>\n<p>            30 oct. 2025 \u00e0 15h24<br \/>\n        ; mis \u00e0 jour le 30 oct. 2025 \u00e0 16h36    <\/p>\n<p>Un comportement totalement inconscient. Ce mardi 28\u00a0octobre, deux voitures se sont percut\u00e9es vers 23h30 en centre-ville de <a href=\"https:\/\/actu.fr\/nice\/\" rel=\"nofollow noopener\" target=\"_blank\">Nice<\/a> dans les <a href=\"https:\/\/actu.fr\/provence-alpes-cote-d-azur\/alpes-maritimes_06\" rel=\"nofollow noopener\" target=\"_blank\">Alpes-Maritimes<\/a>. Une collision survenue au niveau de la place de l\u2019\u00eele de beaut\u00e9, sur le port de Nice, qui n\u2019avait rien d\u2019un banal accident de la route. Elle n\u2019\u00e9tait que la cons\u00e9quence d\u2019une <strong>conduite totalement folle<\/strong> et insens\u00e9e de la part d\u2019un Ni\u00e7ois de 24\u00a0ans.<\/p>\n<p>    <a href=\"https:\/\/www.google.com\/maps\/embed?pb=!1m18!1m12!1m3!1d2884.5727917726754!2d7.282336913045034!3d43.698644170979485!2m3!1f0!2f0!3f0!3m2!1i1024!2i768!4f13.1!3m3!1m2!1s0x12cddab8e9dfe1e7%3A0x48d3e133fff8bcd5!2sPl.%20de%20l%27%C3%8Ele%20de%20Beaut%C3%A9%2C%2006300%20Nice!5e0!3m2!1sfr!2sfr!4v1761831367331!5m2!1sfr!2sfr\" title=\"Ouvrie le lien\" rel=\"nofollow noopener\" target=\"_blank\">Cliquez ici pour visualiser le contenu<\/a><\/p>\n<p class=\" wall-content\">Ce dernier a \u00e9t\u00e9 film\u00e9 pendant plus de 15\u00a0minutes par un jeune motard de 20\u00a0ans, choqu\u00e9. Le conducteur \u00e0 l\u2019origine de l\u2019accident est d\u00e9f\u00e9r\u00e9 ce jeudi 30\u00a0octobre pour <strong>\u00ab\u2009mise en danger de la vie d\u2019autrui\u2009\u00bb<\/strong>, a annonc\u00e9 le parquet.<\/p>\n<p>Vitesse folle, contresens et feux rouges grill\u00e9s<\/p>\n<p class=\" wall-content\">Diffus\u00e9e sur Instagram, la vid\u00e9o du jeune motard, qui filme avec une cam\u00e9ra fix\u00e9e sur son casque, fait <strong>froid dans le dos<\/strong>. Tout commence le long du Boulevard Jean-Jaur\u00e8s un peu apr\u00e8s 23h lorsqu\u2019un Renault Sc\u00e9nic le double \u00e0 toute vitesse. \u00ab\u2009Ohlala, quel malade\u2009\u00bb, souffle le jeune motard ni\u00e7ois.<\/p>\n<p class=\" wall-content\"><a href=\"https:\/\/www.instagram.com\/reel\/DQZBZpHjQL9\/embed\" title=\"Ouvrir le lien sur Instagram\" rel=\"nofollow noopener\" target=\"_blank\">Visualiser le contenu sur Instagram<\/a><\/p>\n<p class=\" wall-content\">Ce dernier d\u00e9cide alors de suivre, tant bien que mal, ce chauffard fou, craignant qu\u2019il ne fasse une victime.\u00a0Le conducteur de la Renault, phares \u00e9teints, est pass\u00e9 par le port puis a emprunt\u00e9 la basse corniche. Dans la mont\u00e9e, il <strong>franchit une ligne blanche<\/strong> et est tout proche de percuter deux voitures et deux trottinettes en zigzaguant sur la route, selon le t\u00e9moignage du motard, recueilli par nos confr\u00e8res de <a href=\"https:\/\/www.nicematin.com\/faits-divers\/nice-l-hallucinant-rodeo-urbain-d-un-chauffard-suivi-d-un-crash-filme-par-un-motard-10654629\" rel=\"nofollow noopener\" target=\"_blank\">Nice-Matin<\/a>.<\/p>\n<p class=\" wall-content\">Le chauffard prend ensuite le boulevard Maeterlinck, <strong>\u00e0 contresens<\/strong>, o\u00f9 une voiture doit piler pour l\u2019\u00e9viter. Mais ce n\u2019est pas fini puisqu\u2019\u00e0 Villefranche, juste avant le pont Saint-Jean, boulevard Napol\u00e9on-III, le conducteur du Sc\u00e9nic prend une fois de plus la route \u00e0 contresens.<\/p>\n<p>Une collision in\u00e9vitable place \u00eele de Beaut\u00e9<\/p>\n<p class=\" wall-content\">Il fait ensuite demi-tour \u00e0 l\u2019entr\u00e9e de la presqu\u2019\u00eele et repart vers Nice. Un nouveau feu rouge grill\u00e9, il manque de renverser une trottinette le long de la falaise en doublant par la droite comme le montre la vid\u00e9o du jeune motard ni\u00e7ois.<\/p>\n<p>Votre r\u00e9gion, votre actu !<\/p>\n<p>Recevez chaque jour les infos qui comptent pour vous.<\/p>\n<p>\t<a href=\"https:\/\/actu.fr\/newsletter\" class=\"ac-btn ac-btn--corner ac-btn--medium ac-btn--blue800\" rel=\"nofollow noopener\" target=\"_blank\">S&rsquo;incrire<\/a><\/p>\n<p class=\" wall-content\">Malheureusement, ce comportement tr\u00e8s dangereux <strong>n\u2019est pas sans cons\u00e9quence<\/strong>. En redescendant sur Nice, le conducteur de la Renault grille encore un feu rouge sur le bas de la basse corniche puis arrive place \u00eele de Beaut\u00e9. L\u00e0, il percute finalement une voiture, venant de la droite, sur le rond-point.<\/p>\n<p class=\" wall-content\">\u00ab\u2009Le premier v\u00e9hicule, franchissant les deux feux de signalisation rouges sur le boulevard Carnot venait percuter un second v\u00e9hicule arrivant depuis la rue Arson et \u00e9tant pass\u00e9 au feu vert\u2009\u00bb, souligne le Parquet de Nice, ce jeudi 30\u00a0octobre. Ce dernier s\u2019est imm\u00e9diatement saisi de l\u2019affaire, en ouvrant une enqu\u00eate.<\/p>\n<p>Signes de l\u2019ivresse et refus des op\u00e9rations de d\u00e9pistage<\/p>\n<p class=\" wall-content\">\u00ab\u2009Les \u00e9l\u00e9ments recueillis, et notamment la captation d\u2019images par un motard, permettaient de d\u00e9terminer que le conducteur du premier v\u00e9hicule avait adopt\u00e9 sur plusieurs kilom\u00e8tres en amont de l\u2019accident un <strong>comportement particuli\u00e8rement dangereux<\/strong> pour la s\u00e9curit\u00e9 des personnes compte tenu de la vitesse excessive du v\u00e9hicule, du passage malgr\u00e9 les feux de signalisation rouges et de l\u2019engagement dans certaines voies \u00e0 contresens\u2009\u00bb, d\u00e9taille le procureur de la R\u00e9publique de Nice, Damien Martinelli.<\/p>\n<p class=\" wall-content\">Selon ce dernier, le mis en cause pr\u00e9sentait les signes de l\u2019ivresse et <strong>a refus\u00e9 de se soumettre aux op\u00e9rations de d\u00e9pistage<\/strong>. Il a \u00e9t\u00e9 plac\u00e9 en garde \u00e0 vue. Inconnu d\u2019autorit\u00e9s judiciaires, il est d\u00e9f\u00e9r\u00e9 devant le tribunal correctionnel ce jeudi 30\u00a0octobre 2025 dans le cadre d\u2019une proc\u00e9dure de comparution imm\u00e9diate pour \u00ab\u2009mise en danger de la vie d\u2019autrui par violation manifestement d\u00e9lib\u00e9r\u00e9e d\u2019obligation r\u00e9glementaire de s\u00e9curit\u00e9 ou de prudence lors de la conduite d\u2019un v\u00e9hicule terrestre \u00e0 moteur et blessures routi\u00e8res avec incapacit\u00e9 n\u2019exc\u00e9dant pas 3\u00a0mois par conducteur de v\u00e9hicule terrestre \u00e0 moteur commis avec au moins deux circonstances aggravantes.\u2009\u00bb<\/p>\n<p class=\" wall-content\">Le conducteur du second v\u00e9hicule impact\u00e9, bless\u00e9 au niveau des bras, de la nuque et des c\u00f4tes, a un jour d\u2019ITT. Il s\u2019est constitu\u00e9 partie civile.<\/p>\n<p class=\" wall-content\">Personnalisez votre actualit\u00e9 en ajoutant vos villes et m\u00e9dias en favori avec <a href=\"https:\/\/moncompte.actu.fr\" title=\"D\u00e9couvez Mon Actu\" rel=\"nofollow noopener\" data-trk=\"{&quot;cta&quot;:{&quot;action&quot;:&quot;https:\\\/\\\/moncompte.actu.fr&quot;,&quot;category&quot;:&quot;mon compte&quot;,&quot;from&quot;:&quot;article footer&quot;,&quot;name&quot;:&quot;Mon actu&quot;,&quot;type&quot;:&quot;cta&quot;}}\" target=\"_blank\">Mon Actu<\/a>.<\/p>\n<p>                    <script async src=\"\/\/www.instagram.com\/embed.js\"><\/script><\/p>\n","protected":false},"excerpt":{"rendered":"Par Arthur Frand Publi\u00e9 le 30 oct. 2025 \u00e0 15h24 ; mis \u00e0 jour le 30 oct. 2025&hellip;\n","protected":false},"author":2,"featured_media":501378,"comment_status":"","ping_status":"","sticky":false,"template":"","format":"standard","meta":{"footnotes":""},"categories":[2819],"tags":[119,1111,11,1777,674,1011,27,303,12,2401,882,25,104],"class_list":{"0":"post-501377","1":"post","2":"type-post","3":"status-publish","4":"format-standard","5":"has-post-thumbnail","7":"category-nice","8":"tag-accident","9":"tag-actu","10":"tag-actualites","11":"tag-eu","12":"tag-europe","13":"tag-fr","14":"tag-france","15":"tag-justice","16":"tag-news","17":"tag-nice","18":"tag-provence-alpes-cote-dazur","19":"tag-republique-francaise","20":"tag-societe"},"share_on_mastodon":{"url":"https:\/\/pubeurope.com\/@fr\/115466702978608725","error":""},"_links":{"self":[{"href":"https:\/\/www.europesays.com\/fr\/wp-json\/wp\/v2\/posts\/501377","targetHints":{"allow":["GET"]}}],"collection":[{"href":"https:\/\/www.europesays.com\/fr\/wp-json\/wp\/v2\/posts"}],"about":[{"href":"https:\/\/www.europesays.com\/fr\/wp-json\/wp\/v2\/types\/post"}],"author":[{"embeddable":true,"href":"https:\/\/www.europesays.com\/fr\/wp-json\/wp\/v2\/users\/2"}],"replies":[{"embeddable":true,"href":"https:\/\/www.europesays.com\/fr\/wp-json\/wp\/v2\/comments?post=501377"}],"version-history":[{"count":0,"href":"https:\/\/www.europesays.com\/fr\/wp-json\/wp\/v2\/posts\/501377\/revisions"}],"wp:featuredmedia":[{"embeddable":true,"href":"https:\/\/www.europesays.com\/fr\/wp-json\/wp\/v2\/media\/501378"}],"wp:attachment":[{"href":"https:\/\/www.europesays.com\/fr\/wp-json\/wp\/v2\/media?parent=501377"}],"wp:term":[{"taxonomy":"category","embeddable":true,"href":"https:\/\/www.europesays.com\/fr\/wp-json\/wp\/v2\/categories?post=501377"},{"taxonomy":"post_tag","embeddable":true,"href":"https:\/\/www.europesays.com\/fr\/wp-json\/wp\/v2\/tags?post=501377"}],"curies":[{"name":"wp","href":"https:\/\/api.w.org\/{rel}","templated":true}]}}