{"id":501379,"date":"2025-10-31T03:40:29","date_gmt":"2025-10-31T03:40:29","guid":{"rendered":"https:\/\/www.europesays.com\/fr\/501379\/"},"modified":"2025-10-31T03:40:29","modified_gmt":"2025-10-31T03:40:29","slug":"eglises-pillees-dans-louest-jusqua-trois-ans-de-prison-ferme-pour-les-voleurs-juges-a","status":"publish","type":"post","link":"https:\/\/www.europesays.com\/fr\/501379\/","title":{"rendered":"\u00c9glises pill\u00e9es dans l\u2019Ouest\u00a0: jusqu\u2019\u00e0 trois ans de prison ferme pour les voleurs jug\u00e9s \u00e0"},"content":{"rendered":"<p>Suivis de pr\u00e8s par les gendarmes depuis quelques semaines et <a href=\"https:\/\/nantes.maville.com\/actu\/actudet_-ils-pillaient-les-troncs-d-eglise-dans-six-departements-de-l-ouest-trois-suspects-arretes-_8-7040683_actu.Htm\" target=\"_self\" rel=\"noopener\">interpell\u00e9s en flagrant d\u00e9lit le week-end dernier \u00e0 la sortie d\u2019une \u00e9glise\u00a0de\u00a0Pornic (Loire-Atlantique)<\/a>, trois hommes ont \u00e9t\u00e9 condamn\u00e9s par le tribunal correctionnel de Nantes, ce mercredi 29\u00a0octobre. Ils \u00e9taient jug\u00e9s en comparution imm\u00e9diate pour une s\u00e9rie de vols aggrav\u00e9s dans une vingtaine d\u2019\u00e9glises de Loire-Atlantique, du Morbihan, du Maine-et-Loire, de Mayenne, ou encore de l\u2019Orne.<\/p>\n<p>\u00c0 l\u2019issue de quatre jours de garde \u00e0 vue, ils ont int\u00e9gralement reconnu les faits, justifiant ces exp\u00e9ditions dans le grand ouest par le manque d\u2019argent et la facilit\u00e9, les \u00e9glises \u00e9tant toujours ouvertes. La procureure a requis quatre ans de prison ferme \u00e0 l\u2019encontre des deux pr\u00e9venus aux casiers judiciaires les plus charg\u00e9s, et jug\u00e9s en r\u00e9cidive.<\/p>\n<p>Habitants du Maine-et-Loire<\/p>\n<p>Ces deux hommes \u00e2g\u00e9s de 53\u00a0ans et 46\u00a0ans ont finalement \u00e9t\u00e9 condamn\u00e9s \u00e0 trois ans et trois ans et demi de prison dont un an avec sursis probatoire pendant un an, pour chacun d\u2019eux. Le second fera six mois de plus, correspondant \u00e0 la r\u00e9vocation d\u2019un sursis probatoire d\u2019une peine pr\u00e9c\u00e9dente. Un mandat de d\u00e9p\u00f4t a \u00e9t\u00e9 d\u00e9cern\u00e9 \u00e0 leur encontre. Le plus jeune, \u00e2g\u00e9 de 23\u00a0ans, inconnu de la justice jusque-l\u00e0, \u00e9cope de deux ans de prison dont un an avec sursis probatoire.<\/p>\n<p>Ils r\u00e9sident tous les trois dans un camp de gens du voyage\u00a0\u00e0 Montreuil-Juign\u00e9, pr\u00e8s d\u2019Angers (Maine-et-Loire).<\/p>\n<p><a href=\"https:\/\/rennes.maville.com\/actu\/actudet_-ils-pillaient-les-dons-des-fideles-dans-des-eglises-de-l-ouest-un-prejudice-difficile-a-estimer-_13-7040835_actu.Htm\" target=\"_self\" rel=\"noopener\">Les voleurs utilisaient une technique popularis\u00e9e dans un film pour d\u00e9rober les pi\u00e8ces dans les troncs, ces urnes servant aux offrandes des fid\u00e8les.<\/a> Ils attrapaient les pi\u00e8ces ou les billets avec des baguettes et de la colle. Quand il n\u2019y avait personne dans l\u2019\u00e9glise, ils d\u00e9coupaient parfois le tronc pour partir avec.\u00a0<\/p>\n<p>Le pr\u00e9judice est difficile \u00e0 estimer, les cur\u00e9s et paroissiens ne sachant pas vraiment combien contenaient ces urnes.<\/p>\n<p>\u00a0<\/p>\n","protected":false},"excerpt":{"rendered":"Suivis de pr\u00e8s par les gendarmes depuis quelques semaines et interpell\u00e9s en flagrant d\u00e9lit le week-end dernier \u00e0&hellip;\n","protected":false},"author":2,"featured_media":501380,"comment_status":"","ping_status":"","sticky":false,"template":"","format":"standard","meta":{"footnotes":""},"categories":[2818],"tags":[1111,11,1764,11998,1777,674,9095,1011,27,11515,2867,766,12,9144,2636,62341,806,25,6689,42807,9693],"class_list":{"0":"post-501379","1":"post","2":"type-post","3":"status-publish","4":"format-standard","5":"has-post-thumbnail","7":"category-nantes","8":"tag-actu","9":"tag-actualites","10":"tag-ans","11":"tag-eglises","12":"tag-eu","13":"tag-europe","14":"tag-ferme","15":"tag-fr","16":"tag-france","17":"tag-juges","18":"tag-jusqu","19":"tag-nantes","20":"tag-news","21":"tag-ouest","22":"tag-pays-de-la-loire","23":"tag-pillees","24":"tag-prison","25":"tag-republique-francaise","26":"tag-roche","27":"tag-voleurs","28":"tag-yon"},"share_on_mastodon":{"url":"https:\/\/pubeurope.com\/@fr\/115466707041602019","error":""},"_links":{"self":[{"href":"https:\/\/www.europesays.com\/fr\/wp-json\/wp\/v2\/posts\/501379","targetHints":{"allow":["GET"]}}],"collection":[{"href":"https:\/\/www.europesays.com\/fr\/wp-json\/wp\/v2\/posts"}],"about":[{"href":"https:\/\/www.europesays.com\/fr\/wp-json\/wp\/v2\/types\/post"}],"author":[{"embeddable":true,"href":"https:\/\/www.europesays.com\/fr\/wp-json\/wp\/v2\/users\/2"}],"replies":[{"embeddable":true,"href":"https:\/\/www.europesays.com\/fr\/wp-json\/wp\/v2\/comments?post=501379"}],"version-history":[{"count":0,"href":"https:\/\/www.europesays.com\/fr\/wp-json\/wp\/v2\/posts\/501379\/revisions"}],"wp:featuredmedia":[{"embeddable":true,"href":"https:\/\/www.europesays.com\/fr\/wp-json\/wp\/v2\/media\/501380"}],"wp:attachment":[{"href":"https:\/\/www.europesays.com\/fr\/wp-json\/wp\/v2\/media?parent=501379"}],"wp:term":[{"taxonomy":"category","embeddable":true,"href":"https:\/\/www.europesays.com\/fr\/wp-json\/wp\/v2\/categories?post=501379"},{"taxonomy":"post_tag","embeddable":true,"href":"https:\/\/www.europesays.com\/fr\/wp-json\/wp\/v2\/tags?post=501379"}],"curies":[{"name":"wp","href":"https:\/\/api.w.org\/{rel}","templated":true}]}}