{"id":501393,"date":"2025-10-31T03:48:16","date_gmt":"2025-10-31T03:48:16","guid":{"rendered":"https:\/\/www.europesays.com\/fr\/501393\/"},"modified":"2025-10-31T03:48:16","modified_gmt":"2025-10-31T03:48:16","slug":"la-jeunesse-marseillaise-a-donne-de-la-voix","status":"publish","type":"post","link":"https:\/\/www.europesays.com\/fr\/501393\/","title":{"rendered":"La jeunesse marseillaise a donn\u00e9 de la voix"},"content":{"rendered":"\n<p>La jeunesse marseillaise a du talent et elle l\u2019a prouv\u00e9, mi-octobre, \u00e0 l\u2019occasion de la finale du concours des jeunes talents oratoires organis\u00e9 par la Ville. Avec pr\u00e8s de 500\u00a0personnes r\u00e9unies dans l\u2019espace mus\u00e9al Bargemon, le rendez-vous a connu un joli succ\u00e8s. \u00ab\u00a0Pour une premi\u00e8re, cela traduit un vrai engouement\u00a0\u00bb, appr\u00e9cie Hedi Ramdane, adjoint (DVG) charg\u00e9 de la Jeunesse qui a port\u00e9 le projet aupr\u00e8s du maire. \u00ab\u00a0L\u2019id\u00e9e \u00e9tait de mettre en avant les talents oratoire. On l\u2019a fait via le conseil municipal des jeunes. Il y a eu aussi les tables rondes de la jeunesse, mais on voulait aussi leur donner la parole via ce concours. C\u2019est important, on avait besoin que la jeunesse s\u2019exprime ainsi.\u00a0\u00bb<\/p>\n<p>Apr\u00e8s trois rounds de s\u00e9lection, dont les demi-finales organis\u00e9es sur la tourn\u00e9e d\u2019\u00e9t\u00e9 La Marseillaise dans les 15-16 et le 2-3, la dizaine de finalistes a enflamm\u00e9 la sc\u00e8ne. \u00e0 l\u2019issue du show anim\u00e9 par Eloquentia, 419\u00a0votants ont d\u00e9sign\u00e9, avec deux urnes sur place et un vote en ligne, leur prestation pr\u00e9f\u00e9r\u00e9e. Les voix du public et du jury ont d\u00e9sign\u00e9 comme laur\u00e9ats, Clara Montemagno au chant et Tadjidine Ali en \u00e9loquence. \u00ab\u00a0Lors de la finale, les gens se sont lev\u00e9s, j\u2019en ai eu la larme \u00e0 l\u2019\u0153il\u00a0\u00bb, confie l\u2019adjoint. \u00ab\u00a0Le niveau \u00e9tait impressionnant, particuli\u00e8rement en chant\u00a0: les deux premiers ont devanc\u00e9 une finaliste de The Voice. Quand on dit \u201cfiers d\u2019\u00eatre marseillais\u201d, c\u2019est aussi \u00e7a. \u00bb<\/p>\n<p>La soir\u00e9e a aussi b\u00e9n\u00e9fici\u00e9 du soutien de nombreux influenceurs marseillais comme Nassim Bouguezzi, Malik Bouti, Antho le fada, Radouane et Ichem Bougheraba ou Bengous. \u00ab\u00a0Ceux qui ont r\u00e9ussi ont offert \u00e0 d\u2019autres une tribune pour se r\u00e9v\u00e9ler. C\u2019est une solidarit\u00e9 toute marseillaise\u00a0\u00bb, souligne Hedi Ramdane, qui r\u00eave d\u00e9j\u00e0 d\u2019une prochaine \u00e9dition qui se tiendrait \u00e0 l\u2019Op\u00e9ra de Marseille.<\/p>\n","protected":false},"excerpt":{"rendered":"La jeunesse marseillaise a du talent et elle l\u2019a prouv\u00e9, mi-octobre, \u00e0 l\u2019occasion de la finale du concours&hellip;\n","protected":false},"author":2,"featured_media":501394,"comment_status":"","ping_status":"","sticky":false,"template":"","format":"standard","meta":{"footnotes":""},"categories":[2814],"tags":[1111,11,1777,674,1011,27,55178,884,12,882,25],"class_list":{"0":"post-501393","1":"post","2":"type-post","3":"status-publish","4":"format-standard","5":"has-post-thumbnail","7":"category-marseille","8":"tag-actu","9":"tag-actualites","10":"tag-eu","11":"tag-europe","12":"tag-fr","13":"tag-france","14":"tag-jeunes-talents","15":"tag-marseille","16":"tag-news","17":"tag-provence-alpes-cote-dazur","18":"tag-republique-francaise"},"share_on_mastodon":{"url":"https:\/\/pubeurope.com\/@fr\/115466738356845036","error":""},"_links":{"self":[{"href":"https:\/\/www.europesays.com\/fr\/wp-json\/wp\/v2\/posts\/501393","targetHints":{"allow":["GET"]}}],"collection":[{"href":"https:\/\/www.europesays.com\/fr\/wp-json\/wp\/v2\/posts"}],"about":[{"href":"https:\/\/www.europesays.com\/fr\/wp-json\/wp\/v2\/types\/post"}],"author":[{"embeddable":true,"href":"https:\/\/www.europesays.com\/fr\/wp-json\/wp\/v2\/users\/2"}],"replies":[{"embeddable":true,"href":"https:\/\/www.europesays.com\/fr\/wp-json\/wp\/v2\/comments?post=501393"}],"version-history":[{"count":0,"href":"https:\/\/www.europesays.com\/fr\/wp-json\/wp\/v2\/posts\/501393\/revisions"}],"wp:featuredmedia":[{"embeddable":true,"href":"https:\/\/www.europesays.com\/fr\/wp-json\/wp\/v2\/media\/501394"}],"wp:attachment":[{"href":"https:\/\/www.europesays.com\/fr\/wp-json\/wp\/v2\/media?parent=501393"}],"wp:term":[{"taxonomy":"category","embeddable":true,"href":"https:\/\/www.europesays.com\/fr\/wp-json\/wp\/v2\/categories?post=501393"},{"taxonomy":"post_tag","embeddable":true,"href":"https:\/\/www.europesays.com\/fr\/wp-json\/wp\/v2\/tags?post=501393"}],"curies":[{"name":"wp","href":"https:\/\/api.w.org\/{rel}","templated":true}]}}