{"id":501416,"date":"2025-10-31T04:03:29","date_gmt":"2025-10-31T04:03:29","guid":{"rendered":"https:\/\/www.europesays.com\/fr\/501416\/"},"modified":"2025-10-31T04:03:29","modified_gmt":"2025-10-31T04:03:29","slug":"pourquoi-le-selectionneur-laurent-bonadei-nest-pas-menace-malgre-les-deux-echecs-des-bleues-contre-lallemagne","status":"publish","type":"post","link":"https:\/\/www.europesays.com\/fr\/501416\/","title":{"rendered":"pourquoi le s\u00e9lectionneur Laurent Bonadei n&rsquo;est pas menac\u00e9, malgr\u00e9 les deux \u00e9checs des Bleues contre l&rsquo;Allemagne"},"content":{"rendered":"<p class=\"article-p mdl\">Les comp\u00e9titions se suivent et les frustrations restent les m\u00eames. Trois mois apr\u00e8s\u00a0<a class=\"link\" href=\"https:\/\/www.rtl.fr\/sport\/football\/euro-2025-terrible-desillusion-pour-les-bleues-qui-tombent-de-nouveau-en-quart-de-finale-7900524621\" target=\"_blank\" rel=\"noopener\">l&rsquo;\u00e9limination surr\u00e9aliste de l&rsquo;\u00e9quipe de France contre l&rsquo;Allemagne<\/a>\u00a0en quarts de finale de l&rsquo;Euro malgr\u00e9 107 minutes pass\u00e9es en sup\u00e9riorit\u00e9 num\u00e9rique (1-1, 5-6 t.a.b.), <strong>les Bleues n&rsquo;ont pas r\u00e9ussi \u00e0 \u00e9carter ce m\u00eame adversaire pour\u00a0<\/strong>atteindre la finale de la Ligue des nations\u00a0: battues \u00e0 l&rsquo;aller, elles n&rsquo;ont pas su faire mieux qu&rsquo;un nul au match retour (0-1, 2-2), mardi.<\/p>\n<p class=\"article-p mdl\">Des r\u00e9sultats qui pourraient logiquement \u00eatre susceptibles de remettre en cause<strong> le s\u00e9lectionneur Laurent Bonadei<\/strong>. Mais son poste n&rsquo;est en r\u00e9alit\u00e9 pas menac\u00e9, comme l&rsquo;a affirm\u00e9 le pr\u00e9sident de la F\u00e9d\u00e9ration fran\u00e7aise de football, Philippe Diallo, \u00e0\u00a0<a class=\"link\" href=\"https:\/\/www.lequipe.fr\/Football\/Article\/Philippe-diallo-defend-le-bilan-de-laurent-bonadei-a-la-tete-des-bleues\/1605702\" target=\"_blank\" rel=\"noopener\">L&rsquo;\u00c9quipe<\/a>\u00a0ce jeudi.<\/p>\n<p class=\"article-p mdl\">\u00ab\u00a0On savait qu&rsquo;on \u00e9tait dans une p\u00e9riode de transition, avec de tr\u00e8s grandes anciennes qui quittaient l&rsquo;\u00e9quipe [Wendie Renard, Eug\u00e9nie Le Sommer, Kenza Dali, Amel Majri, Sandie Toletti] et des nouvelles qu&rsquo;il fallait int\u00e9grer. <strong>Nous avons fait confiance \u00e0 ses qualit\u00e9s, notamment de formateur, pour assurer cette transition<\/strong>\u00ab\u00a0, explique-t-il, assurant ne pas s&rsquo;\u00eatre questionn\u00e9 sur le maintien de l&rsquo;ex-adjoint de Herv\u00e9 Renard, dont le contrat court jusqu&rsquo;au Mondial 2027.<\/p>\n<p>            \u00ab\u00a0Peut-\u00eatre qu&rsquo;il faut \u00eatre r\u00e9aliste, lucide, et se dire qu&rsquo;on est \u00e0 notre niveau\u00a0\u00bb<\/p>\n<p class=\"article-p mdl\">Selon le dirigeant, cette nouvelle \u00ab\u00a0d\u00e9ception\u00a0\u00bb face aux Allemandes ne doit pas \u00eatre interpr\u00e9t\u00e9e comme une r\u00e9gression, m\u00eame si cette ann\u00e9e les Fran\u00e7aises ont pass\u00e9 un tour de moins \u00e0 l&rsquo;Euro et en Ligue des nations que sur les pr\u00e9c\u00e9dentes \u00e9ditions. <strong>\u00ab\u00a0Il n&rsquo;y a pas \u00e0 rougir de nos deux derni\u00e8res \u00e9liminations, m\u00eame s&rsquo;il est vrai que c&rsquo;est en de\u00e7\u00e0 de nos ambitions\u00a0\u00bb<\/strong>, estime-t-il.<\/p>\n<p class=\"article-p mdl\">\u00ab\u00a0Au contraire, je vois un groupe en construction.\u00a0<a class=\"link\" href=\"https:\/\/www.rtl.fr\/sport\/football\/foot-griedge-mbock-est-la-nouvelle-capitaine-des-bleues-7900510570\" title=\"\u00c9quipe de France f\u00e9minine : Griedge Mbock est la nouvelle capitaine des Bleues\" target=\"_blank\" rel=\"noopener\">Laurent Bonadei<\/a>\u00a0a \u00e9t\u00e9 engag\u00e9 pour assurer la transition et se projeter vers la Coupe du monde 2027. On a une \u00e9quipe tr\u00e8s jeune, <strong>l&rsquo;\u00e9quipe est en progression. Elle joue de mieux en mieux<\/strong>. Je suis certain qu&rsquo;\u00e0 un moment, \u00e7a va tourner en notre faveur\u00a0\u00bb, ajoute Philippe Diallo, aupr\u00e8s du quotidien sportif.<\/p>\n<p class=\"article-p mdl\">Comme lors du quart de finale de l&rsquo;Euro, <strong>les Bleues ont trop manqu\u00e9 d&rsquo;efficacit\u00e9<\/strong> dans les deux surfaces pour esp\u00e9rer reverser leurs voisines d&rsquo;outre-Rhin \u00e0 Caen cette semaine.<\/p>\n<p class=\"article-p mdl\">\u00ab\u00a0Je fais mon travail tous les jours, comme les filles. J&rsquo;ai un contrat jusqu&rsquo;en 2027, je me suis engag\u00e9 sur un projet. J&rsquo;ai ma conscience professionnelle avec moi. Mais chaque entra\u00eeneur a la pression. On fait du mieux possible. On fait parfois des erreurs aussi\u00a0\u00bb, avait de son c\u00f4t\u00e9 d\u00e9clar\u00e9 mardi soir Laurent Bonadei; avant de poursuivre. \u00ab\u00a0<strong>Peut-\u00eatre qu&rsquo;il faut \u00eatre r\u00e9aliste, lucide, et se dire qu&rsquo;on est \u00e0 notre niveau<\/strong>\u00ab\u00a0, derri\u00e8re l&rsquo;Allemagne et l&rsquo;Espagne, notamment.<\/p>\n<p class=\"article-p mdl\">Un son de cloche \u00e9galement entendu du c\u00f4t\u00e9 des joueuses, \u00e0 l&rsquo;instar de l&rsquo;attaquante du Paris FC Clara Mateo : <strong>\u00ab\u00a0Je pense qu&rsquo;il y a encore beaucoup de progr\u00e8s \u00e0 faire\u00a0\u00bb.<\/strong><\/p>\n<p>            Objectif dernier carr\u00e9 en 2027<\/p>\n<p class=\"article-p mdl\">\u00ab\u00a0La F\u00e9d\u00e9ration met les moyens pour mettre cette \u00e9quipe dans les meilleures conditions afin de gagner un titre. Laurent Bonadei, avec son staff de qualit\u00e9, travaille bien et on a un groupe de joueuses formidables, hyper impliqu\u00e9es. Cette \u00e9quipe de France est vraiment capable du meilleur. Elle est capable de battre n&rsquo;importe qui\u00a0\u00bb, veut n\u00e9anmoins croire Philippe Diallo, selon ses propos dans L&rsquo;\u00c9quipe.<\/p>\n<p>Le juge de paix pour Laurent Bonadei, qui s&rsquo;efforce de renouveler son effectif, sera tr\u00e8s probablement le Mondial au Br\u00e9sil. \u00ab\u00a0Il a une forme d&rsquo;obligation de r\u00e9sultat. Maintenant, il faut travailler pour que lors de la prochaine Coupe du Monde, la France soit pr\u00e9sente. (&#8230;) Quand on est comp\u00e9titeurs, on est l\u00e0 pour aller au bout\u00a0\u00bb, pr\u00e9vient d&rsquo;ailleurs le patron de la F\u00e9d\u00e9ration, <strong>demandant a minima \u00e0 retrouver les demi-finales du tournoi pour la premi\u00e8re fois depuis 2011<\/strong>.<\/p>\n<p>Pour rappel, <strong>les Bleues ont \u00e9t\u00e9 \u00e9limin\u00e9es en quarts de finale de huit des neuf derni\u00e8res grandes comp\u00e9titions<\/strong> (Euro, Mondial et JO), se heurtant inlassablement contre le m\u00eame plafond de verre.<\/p>\n<p>    La r\u00e9daction vous recommande<\/p>\n<p class=\"s-newsletter__title\">\n                L\u2019actualit\u00e9 par la r\u00e9daction de RTL dans votre bo\u00eete mail.\n            <\/p>\n<p class=\"s-newsletter__subtitle\">\n                Gr\u00e2ce \u00e0 votre compte RTL abonnez-vous \u00e0 la newsletter RTL info pour suivre toute l&rsquo;actualit\u00e9 au quotidien\n            <\/p>\n<p>\n                                    Lire la suite\n                                <\/p>\n","protected":false},"excerpt":{"rendered":"Les comp\u00e9titions se suivent et les frustrations restent les m\u00eames. Trois mois apr\u00e8s\u00a0l&rsquo;\u00e9limination surr\u00e9aliste de l&rsquo;\u00e9quipe de France&hellip;\n","protected":false},"author":2,"featured_media":501417,"comment_status":"","ping_status":"","sticky":false,"template":"","format":"standard","meta":{"footnotes":""},"categories":[1587],"tags":[11,672,1804,1805,1803,6713,1777,674,85,107,2619,63,1801,12,1802],"class_list":{"0":"post-501416","1":"post","2":"type-post","3":"status-publish","4":"format-standard","5":"has-post-thumbnail","7":"category-allemagne","8":"tag-actualites","9":"tag-allemagne","10":"tag-bundesrepublik-deutschland","11":"tag-de","12":"tag-deutschland","13":"tag-equipe-de-france-de-football","14":"tag-eu","15":"tag-europe","16":"tag-fff","17":"tag-fil-info","18":"tag-fil-sport","19":"tag-football","20":"tag-germany","21":"tag-news","22":"tag-republique-federale-dallemagne"},"share_on_mastodon":{"url":"https:\/\/pubeurope.com\/@fr\/115466797374548121","error":""},"_links":{"self":[{"href":"https:\/\/www.europesays.com\/fr\/wp-json\/wp\/v2\/posts\/501416","targetHints":{"allow":["GET"]}}],"collection":[{"href":"https:\/\/www.europesays.com\/fr\/wp-json\/wp\/v2\/posts"}],"about":[{"href":"https:\/\/www.europesays.com\/fr\/wp-json\/wp\/v2\/types\/post"}],"author":[{"embeddable":true,"href":"https:\/\/www.europesays.com\/fr\/wp-json\/wp\/v2\/users\/2"}],"replies":[{"embeddable":true,"href":"https:\/\/www.europesays.com\/fr\/wp-json\/wp\/v2\/comments?post=501416"}],"version-history":[{"count":0,"href":"https:\/\/www.europesays.com\/fr\/wp-json\/wp\/v2\/posts\/501416\/revisions"}],"wp:featuredmedia":[{"embeddable":true,"href":"https:\/\/www.europesays.com\/fr\/wp-json\/wp\/v2\/media\/501417"}],"wp:attachment":[{"href":"https:\/\/www.europesays.com\/fr\/wp-json\/wp\/v2\/media?parent=501416"}],"wp:term":[{"taxonomy":"category","embeddable":true,"href":"https:\/\/www.europesays.com\/fr\/wp-json\/wp\/v2\/categories?post=501416"},{"taxonomy":"post_tag","embeddable":true,"href":"https:\/\/www.europesays.com\/fr\/wp-json\/wp\/v2\/tags?post=501416"}],"curies":[{"name":"wp","href":"https:\/\/api.w.org\/{rel}","templated":true}]}}