{"id":501427,"date":"2025-10-31T04:11:14","date_gmt":"2025-10-31T04:11:14","guid":{"rendered":"https:\/\/www.europesays.com\/fr\/501427\/"},"modified":"2025-10-31T04:11:14","modified_gmt":"2025-10-31T04:11:14","slug":"laustralie-sort-ses-meilleurs-atouts-pour-affronter-langleterre-en-test-match-lequipe","status":"publish","type":"post","link":"https:\/\/www.europesays.com\/fr\/501427\/","title":{"rendered":"L&#039;Australie sort ses meilleurs atouts pour affronter l&#039;Angleterre en test-match &#8211; L&#039;\u00c9quipe"},"content":{"rendered":"<ol>\n<li><a href=\"https:\/\/news.google.com\/rss\/articles\/CBMixgFBVV95cUxORjBDNG5qN2ZNa0xHMGhOcFpiVXlSTi11bXdESGxEdmJaYThUdDZXcnFSbU1pYW5ibXZRR2tiU0k4YkxyamNyRnBUQV9Sb0REQmpXU1hpWHRMajBoY0NzTW5PbTRjbGdoa2NhNUVFMFdUTFQwSlJrTzhqVHdyMUx3eF84SUUwTVg2bjEyUENEYWptNWhEMUdMVUVMTmM5SUdmaWFJWXR3Z1ZwWVY2RmFQRTZiUXZjUzRkWHp1QnJXaHM5QmR6Tnc?oc=5\" target=\"_blank\" rel=\"nofollow noopener\">L&rsquo;Australie sort ses meilleurs atouts pour affronter l&rsquo;Angleterre en test-match<\/a>&nbsp;&nbsp;L&rsquo;\u00c9quipe<\/li>\n<li><a href=\"https:\/\/news.google.com\/rss\/articles\/CBMiugFBVV95cUxPcjdXOElxQlp6WkVVSG83cXRCOU12am5XZm50UFN1VFl6clM5bTRPMjF4UGIxY05PbUhhWTZuMEUxalpHUXllajdqZXBKczF1TzFjaTl6cHo5MTdfakliRTVxdWFQX2NyRnVMS211WFMtSm81ejBXcXZndnFjSVRydi1NdlZsXzVqdHFkY21NRmZBSXliTmFHSjlmS1JQRXRJeFAwN3J4ZnFwTHkyMkotS0hHOTVDWXRYdFE?oc=5\" target=\"_blank\" rel=\"nofollow noopener\">Rugby : Suaalii signe son retour dans le XV australien contre l&rsquo;Angleterre<\/a>&nbsp;&nbsp;Le Figaro<\/li>\n<li><a href=\"https:\/\/news.google.com\/rss\/articles\/CBMi_AFBVV95cUxQYk9IcmluWmRzTktkZlVWRF85M3pUY2o4dGVXbEJkTVVnUk5ISG1xY0FMdnZRaC0wQlowWHpwUXVhcC14NGhCeFlKWE85NWZwMzVETkk4a3lGRnRDQnNrZHZjcUhvamxkdlUwZGZPS21CeXBaRGEyMVdrS0xGOUc1STBVd1ZiNjBRV09EaTFqSmpuZ01obVZudEpHeDZoQ29naERKOEtWTloxRlFRUG9aaTlBSlA5bHA1b2VoRGdzbEcwUjZKdEtOTWF3RW1neVN5dl8zMV9fa20tb0VBVUpQZXZWRzhUYUVSUzY2b0lXNWxqaWRTbVBtUVhPOVg?oc=5\" target=\"_blank\" rel=\"nofollow noopener\">Rugby. Enjeux, compositions, horaires\u2026 Tout savoir sur le match entre l\u2019Angleterre et l\u2019Australie<\/a>&nbsp;&nbsp;Ouest-France<\/li>\n<li><a href=\"https:\/\/news.google.com\/rss\/articles\/CBMirgFBVV95cUxOVHhjT0tTRXNDRHM3Q2RBaVJhRjBlcG5fT1F2aTN0czlpdF80SnpWYXpSaTEtZ19Gby1TZjUwc2ZKWnljOVh5Yk1GZWpISHM3cGdpMkNlX3pjaEE2MVNzbWZlT01YSWZqUUtJb2Z6ZzNpR1BWZUhMc0RmaWNUMmtCWUJlWWRrRTFWcHhESkFKNjV6aE83YnYwRW5kX1gxZEg3SnNzV0lWb2JEMFM2VGc?oc=5\" target=\"_blank\" rel=\"nofollow noopener\">Retour des Ashes \u00e0 Wembley, j\u2019y \u00e9tais : Une belle vitrine, mais une atmosph\u00e8re d\u00e9cevante<\/a>&nbsp;&nbsp;Treize Mondial<\/li>\n<li><a href=\"https:\/\/news.google.com\/rss\/articles\/CBMi2AFBVV95cUxOdjdkZFJqb3RodkpqOF83bU1pSnYwLUdTV293cklzcno3bXFCNm9Pb05kRmtHTzM1NHZMY25CS1VwbV9sQThlekt0cGlCdEtNSm1hNWhPZWVlWnNmSFhHMVI5VHNvZXhVcGktelVSTzdRbDYzTl80YWQtc2l4WHpnQV9JVER2aUY5VlJHRzhzRm1HYU5BNWpWUm93Q0Fob2pnb1NDSFg2WXBYOWpobmhSRVFvVHBtbkFZZ3ZLdmtObjJ1ZDBxb3BQVHpfd2x1eTJLV3BGNTQ4QUM?oc=5\" target=\"_blank\" rel=\"nofollow noopener\">Rugby. George Ford reconduit \u00e0 l\u2019ouverture du XV d\u2019Angleterre contre l\u2019Australie . Sport<\/a>&nbsp;&nbsp;Maville<\/li>\n<\/ol>\n","protected":false},"excerpt":{"rendered":"L&rsquo;Australie sort ses meilleurs atouts pour affronter l&rsquo;Angleterre en test-match&nbsp;&nbsp;L&rsquo;\u00c9quipe Rugby : Suaalii signe son retour dans le&hellip;\n","protected":false},"author":2,"featured_media":501428,"comment_status":"","ping_status":"","sticky":false,"template":"","format":"standard","meta":{"footnotes":""},"categories":[1416],"tags":[1011,27,479,1468,60],"class_list":{"0":"post-501427","1":"post","2":"type-post","3":"status-publish","4":"format-standard","5":"has-post-thumbnail","7":"category-rugby","8":"tag-fr","9":"tag-france","10":"tag-rugby","11":"tag-rugby-football","12":"tag-sports"},"share_on_mastodon":{"url":"https:\/\/pubeurope.com\/@fr\/115466828754669698","error":""},"_links":{"self":[{"href":"https:\/\/www.europesays.com\/fr\/wp-json\/wp\/v2\/posts\/501427","targetHints":{"allow":["GET"]}}],"collection":[{"href":"https:\/\/www.europesays.com\/fr\/wp-json\/wp\/v2\/posts"}],"about":[{"href":"https:\/\/www.europesays.com\/fr\/wp-json\/wp\/v2\/types\/post"}],"author":[{"embeddable":true,"href":"https:\/\/www.europesays.com\/fr\/wp-json\/wp\/v2\/users\/2"}],"replies":[{"embeddable":true,"href":"https:\/\/www.europesays.com\/fr\/wp-json\/wp\/v2\/comments?post=501427"}],"version-history":[{"count":0,"href":"https:\/\/www.europesays.com\/fr\/wp-json\/wp\/v2\/posts\/501427\/revisions"}],"wp:featuredmedia":[{"embeddable":true,"href":"https:\/\/www.europesays.com\/fr\/wp-json\/wp\/v2\/media\/501428"}],"wp:attachment":[{"href":"https:\/\/www.europesays.com\/fr\/wp-json\/wp\/v2\/media?parent=501427"}],"wp:term":[{"taxonomy":"category","embeddable":true,"href":"https:\/\/www.europesays.com\/fr\/wp-json\/wp\/v2\/categories?post=501427"},{"taxonomy":"post_tag","embeddable":true,"href":"https:\/\/www.europesays.com\/fr\/wp-json\/wp\/v2\/tags?post=501427"}],"curies":[{"name":"wp","href":"https:\/\/api.w.org\/{rel}","templated":true}]}}