{"id":501443,"date":"2025-10-31T04:23:33","date_gmt":"2025-10-31T04:23:33","guid":{"rendered":"https:\/\/www.europesays.com\/fr\/501443\/"},"modified":"2025-10-31T04:23:33","modified_gmt":"2025-10-31T04:23:33","slug":"marsupilami-la-bande-a-fifi-rencontre-jamel-debbouze-et-jean-reno-dans-le-film-de-philippe-lacheau","status":"publish","type":"post","link":"https:\/\/www.europesays.com\/fr\/501443\/","title":{"rendered":"Marsupilami\u00a0:\u00a0la Bande \u00e0 Fifi rencontre Jamel Debbouze et Jean Reno dans le film de Philippe Lacheau"},"content":{"rendered":"<p>\n    Le quatuor humoristique, popularis\u00e9 par Babysitting et Alibi.com, revient au cin\u00e9ma le 4 f\u00e9vrier 2026 avec une nouvelle adaptation de la s\u00e9rie de bandes dessin\u00e9es cr\u00e9\u00e9e en 1952 par Andr\u00e9 Franquin.<\/p>\n<p class=\"fig-paragraph\">De nouveaux fous rires en perspective\u00a0?\u00a0<a href=\"https:\/\/www.lefigaro.fr\/cinema\/notre-critique-de-3-jours-max-y-a-t-il-un-agent-dans-la-mission-20231024\" data-fig-type=\"Article\" data-gtm-custom-categorie=\"navigation\" data-gtm-custom-action=\"crossclick\" data-gtm-custom-label=\"Contextuel\" data-gtm-event=\"customEventSPE\" data-fig-domain=\"LEFIGARO\" rel=\"nofollow noopener\" target=\"_blank\">Philippe Lacheau\u00a0<\/a>a d\u00e9voil\u00e9 mercredi 29 octobre les premi\u00e8res affiches de son nouveau long-m\u00e9trage\u00a0<a href=\"http:\/\/www.lefigaro.fr\/cinema\/le-marsupilami-sera-adapte-au-cinema-par-philippe-lacheau-20230702\" data-fig-type=\"Article\" data-gtm-custom-categorie=\"navigation\" data-gtm-custom-action=\"crossclick\" data-gtm-custom-label=\"Contextuel\" data-gtm-event=\"customEventSPE\" data-fig-domain=\"LEFIGARO\" rel=\"nofollow noopener\" target=\"_blank\">Marsupilami<\/a>, attendu au cin\u00e9ma le 4 f\u00e9vrier 2026. Le r\u00e9alisateur, qui tient aussi le r\u00f4le principal dans cette com\u00e9die adapt\u00e9e de la bande dessin\u00e9e imagin\u00e9e par Andr\u00e9 Franquin en 1952, partage l\u2019affiche avec\u00a0<a href=\"http:\/\/www.lefigaro.fr\/theatre\/j-ai-ete-plus-que-touche-jamel-debbouze-bouleverse-par-la-mort-de-bun-hay-mean-20250723\" data-fig-type=\"NewsFlash\" data-gtm-custom-categorie=\"navigation\" data-gtm-custom-action=\"crossclick\" data-gtm-custom-label=\"Contextuel\" data-gtm-event=\"customEventSPE\" data-fig-domain=\"LEFIGARO\" rel=\"nofollow noopener\" target=\"_blank\">Jamel Debbouze<\/a>, star de Sur la piste du Marsupilami en 2012. Sans oublier<a href=\"https:\/\/www.lefigaro.fr\/theatre\/2017\/02\/01\/03003-20170201ARTFIG00189-les-turbulences-tous-azimuts-d-alban-ivanov.php\" data-fig-type=\"Article\" data-gtm-custom-categorie=\"navigation\" data-gtm-custom-action=\"crossclick\" data-gtm-custom-label=\"Contextuel\" data-gtm-event=\"customEventSPE\" data-fig-domain=\"LEFIGARO\" rel=\"nofollow noopener\" target=\"_blank\">\u00a0Alban Ivanov<\/a>, Corentin Guillot,\u00a0<a href=\"http:\/\/www.lefigaro.fr\/livres\/jean-reno-publie-son-premier-roman-emma-le-16-mai-20240502\" data-fig-type=\"NewsFlash\" data-gtm-custom-categorie=\"navigation\" data-gtm-custom-action=\"crossclick\" data-gtm-custom-label=\"Contextuel\" data-gtm-event=\"customEventSPE\" data-fig-domain=\"LEFIGARO\" rel=\"nofollow noopener\" target=\"_blank\">Jean Reno<\/a>\u00a0et Reem Kherici.<\/p>\n<p class=\"fig-paragraph\">Il sera \u00e9galement accompagn\u00e9 de ses fid\u00e8les acolytes de la Bande \u00e0 Fifi,\u00a0<a href=\"http:\/\/www.lefigaro.fr\/cinema\/tarek-boudali-version-tom-cruise-dans-la-premiere-bande-annonce-de-3-jours-max-20230827\" data-fig-type=\"Article\" data-gtm-custom-categorie=\"navigation\" data-gtm-custom-action=\"crossclick\" data-gtm-custom-label=\"Contextuel\" data-gtm-event=\"customEventSPE\" data-fig-domain=\"LEFIGARO\" rel=\"nofollow noopener\" target=\"_blank\">Tarek Boudali<\/a>,\u00a0<a href=\"https:\/\/www.lefigaro.fr\/sports\/equitation\/actualites\/Elodie-fontan-l-equitation-est-mon-oxygene-964398\" data-fig-type=\"Article\" data-gtm-custom-categorie=\"navigation\" data-gtm-custom-action=\"crossclick\" data-gtm-custom-label=\"Contextuel\" data-gtm-event=\"customEventSPE\" data-fig-domain=\"LEFIGARO\" rel=\"nofollow noopener\" target=\"_blank\">\u00c9lodie Fontan<\/a>\u00a0et Julien Arruti. La troupe de com\u00e9diens, form\u00e9e en 2005 dans le cadre de l\u2019\u00e9mission \u00ab\u00a0Le Grand Journal\u00a0\u00bb et popularis\u00e9e par les films Babysitting et Alibi.com, sera r\u00e9unie pour la treizi\u00e8me fois sur le grand \u00e9cran avant de se retrouver en 2027 dans le film Somnambule, cette fois r\u00e9alis\u00e9 par Tarek Boudali. Un casting compl\u00e9t\u00e9 par G\u00e9rard Jugnot, Alice David ou encore Fran\u00e7ois Berl\u00e9and.<\/p>\n<p>                                    <a class=\"fig-a11y-skip a11y-hidden\" href=\"#fig-a11y-skip-main-inarticle\"><br \/>\n        Passer la publicit\u00e9<br \/>\n    <\/a><\/p>\n<p>Sc\u00e9nario rocambolesque<\/p>\n<p class=\"fig-paragraph\">Selon les premiers \u00e9l\u00e9ments de l\u2019intrigue de Marsupilami, Philippe Lacheau campe le personnage de David, un homme qui, pour sauver son travail, accepte de ramener un myst\u00e9rieux colis jusqu\u2019en Am\u00e9rique du Sud. Sur le bateau de croisi\u00e8re, il rencontre son ex-petite amie Tess, jou\u00e9e par \u00c9lodie Fontan, son fils L\u00e9o (Corentin Guillot) et son coll\u00e8gue maladroit St\u00e9phane (Julien Arruti). Lorsque David d\u00e9couvre qu\u2019un b\u00e9b\u00e9 Marsupilami se trouve \u00e0 l\u2019int\u00e9rieur du colis qu\u2019il transporte, le sc\u00e9nario vire au chaos.<\/p>\n<p class=\"fig-body-link\">\n            \u00c0 lire aussi<br \/>\n        <a class=\"fig-body-link__link fig-premium-mark\" href=\"http:\/\/www.lefigaro.fr\/cinema\/philippe-lacheau-a-t-il-trouve-la-potion-magique-pour-toujours-rebondir-20230210\" target=\"_blank\" data-fig-type=\"Article\" rel=\"noopener nofollow\" data-gtm-custom-categorie=\"navigation\" data-gtm-custom-action=\"crossclick\" data-gtm-custom-label=\"Contextuel\" data-gtm-event=\"customEventSPE\" data-fig-domain=\"LEFIGARO\"><\/p>\n<p>        Philippe Lacheau a-t-il trouv\u00e9 la potion magique pour toujours rebondir\u00a0?<br \/>\n    <\/a>\n<\/p>\n<p class=\"fig-paragraph\">Sur les r\u00e9seaux sociaux, Philippe Lacheau a d\u00e9clar\u00e9, non sans humour, que cet animal tout jaune et tachet\u00e9 de points noirs \u00ab\u00a0court plus vite\u00a0\u00bb que lui, saute \u00ab\u00a0plus haut que Tarek, est plus mignon qu\u2019\u00c9lodie, mais moins poilu que Julien\u00a0\u00bb. Les \u00e9quipes du film travaillent actuellement sur la phase de postproduction apr\u00e8s 62 jours de tournage, \u00e9tal\u00e9s entre le 23 juillet et le 6 novembre 2024, en Tha\u00eflande.<\/p>\n","protected":false},"excerpt":{"rendered":"Le quatuor humoristique, popularis\u00e9 par Babysitting et Alibi.com, revient au cin\u00e9ma le 4 f\u00e9vrier 2026 avec une nouvelle&hellip;\n","protected":false},"author":2,"featured_media":501444,"comment_status":"","ping_status":"","sticky":false,"template":"","format":"standard","meta":{"footnotes":""},"categories":[1354],"tags":[58,59,1346,1011,27,8585,1360,10922,26509],"class_list":{"0":"post-501443","1":"post","2":"type-post","3":"status-publish","4":"format-standard","5":"has-post-thumbnail","7":"category-films","8":"tag-divertissement","9":"tag-entertainment","10":"tag-films","11":"tag-fr","12":"tag-france","13":"tag-jamel-debbouze","14":"tag-movies","15":"tag-philippe-lacheau","16":"tag-tarek-boudali"},"share_on_mastodon":{"url":"https:\/\/pubeurope.com\/@fr\/115466875979741553","error":""},"_links":{"self":[{"href":"https:\/\/www.europesays.com\/fr\/wp-json\/wp\/v2\/posts\/501443","targetHints":{"allow":["GET"]}}],"collection":[{"href":"https:\/\/www.europesays.com\/fr\/wp-json\/wp\/v2\/posts"}],"about":[{"href":"https:\/\/www.europesays.com\/fr\/wp-json\/wp\/v2\/types\/post"}],"author":[{"embeddable":true,"href":"https:\/\/www.europesays.com\/fr\/wp-json\/wp\/v2\/users\/2"}],"replies":[{"embeddable":true,"href":"https:\/\/www.europesays.com\/fr\/wp-json\/wp\/v2\/comments?post=501443"}],"version-history":[{"count":0,"href":"https:\/\/www.europesays.com\/fr\/wp-json\/wp\/v2\/posts\/501443\/revisions"}],"wp:featuredmedia":[{"embeddable":true,"href":"https:\/\/www.europesays.com\/fr\/wp-json\/wp\/v2\/media\/501444"}],"wp:attachment":[{"href":"https:\/\/www.europesays.com\/fr\/wp-json\/wp\/v2\/media?parent=501443"}],"wp:term":[{"taxonomy":"category","embeddable":true,"href":"https:\/\/www.europesays.com\/fr\/wp-json\/wp\/v2\/categories?post=501443"},{"taxonomy":"post_tag","embeddable":true,"href":"https:\/\/www.europesays.com\/fr\/wp-json\/wp\/v2\/tags?post=501443"}],"curies":[{"name":"wp","href":"https:\/\/api.w.org\/{rel}","templated":true}]}}