{"id":501480,"date":"2025-10-31T04:53:21","date_gmt":"2025-10-31T04:53:21","guid":{"rendered":"https:\/\/www.europesays.com\/fr\/501480\/"},"modified":"2025-10-31T04:53:21","modified_gmt":"2025-10-31T04:53:21","slug":"pourquoi-la-venue-de-lartiste-fait-polemique","status":"publish","type":"post","link":"https:\/\/www.europesays.com\/fr\/501480\/","title":{"rendered":"pourquoi la venue de l&rsquo;artiste fait pol\u00e9mique"},"content":{"rendered":"<p>            Par<br \/>\n        <strong><br \/>\n            <a href=\"https:\/\/actu.fr\/auteur\/ugo-maillard\" title=\"Consulter tous les articles de Ugo Maillard\" target=\"_blank\" rel=\"noopener\">Ugo Maillard<\/a><br \/>\n        <\/strong><\/p>\n<p>        Publi\u00e9 le<\/p>\n<p>            28 oct. 2025 \u00e0 11h35        <\/p>\n<p>Le dimanche 30\u00a0novembre 2025, le chanteur <strong>Amir<\/strong> doit se produire sur la sc\u00e8ne du Palais Nika\u00efa de Nice (<a href=\"https:\/\/actu.fr\/provence-alpes-cote-d-azur\/alpes-maritimes_06\" target=\"_blank\" rel=\"noopener\">Alpes-Maritimes<\/a>). Dans le cadre de sa tourn\u00e9e Amir C-Tour, l\u2019artiste franco-isra\u00e9lien est vis\u00e9 par des appels aux boycotts \u00e0 <a href=\"https:\/\/actu.fr\/auvergne-rhone-alpes\/villars-les-dombes_01443\/amir-en-concert-pres-de-lyon-une-polemique-enfle-sur-sa-venue-voici-pourquoi_63118244.html\" target=\"_blank\" rel=\"noopener\">chacun de ses concerts en France<\/a>.<\/p>\n<p class=\" wall-content\">Une Ni\u00e7oise est \u00e0 l\u2019origine d\u2019un appel sur les r\u00e9seaux sociaux pour inciter les responsables de la salle de spectacles \u00e0 annuler la repr\u00e9sentation du chanteur de 41\u00a0ans.<\/p>\n<p>Une op\u00e9ration de phoning<\/p>\n<p class=\" wall-content\">Si une campagne de boycott est men\u00e9e contre les concerts d\u2019Amir Haddad partout en France, notamment \u00e0 l\u2019initiative du collectif \u00ab\u2009Urgence Palestine\u2009\u00bb, des activistes ni\u00e7ois sont \u00e9galement engag\u00e9s pour emp\u00eacher la repr\u00e9sentation dans la capitale azur\u00e9enne.<\/p>\n<p class=\" wall-content\">\u00ab\u2009Amir Haddad se produira \u00e0 Nice le 30\u00a0novembre au Palais Nika\u00efa. Ancien membre de l\u2019arm\u00e9e isra\u00e9lienne, il affiche un soutien clair \u00e0 ses actions. Nous rappelons que Nice n\u2019est pas une vitrine de la politique isra\u00e9lienne, la population a d\u00e9j\u00e0 \u00e9t\u00e9 expos\u00e9e au drapeau isra\u00e9lien de mani\u00e8re ostentatoire pendant plus d\u2019un an\u2009\u00bb, lance Amira Zaiter sur X.<\/p>\n<p class=\" wall-content\">La militante pro-palestinienne ni\u00e7oise invite \u00e0 une op\u00e9ration de<strong> phoning en relayant le num\u00e9ro de l\u2019accueil de la salle<\/strong> de spectacle, ainsi que le mail.<\/p>\n<p class=\" wall-content\">Il est notamment reproch\u00e9 au chanteur franco-isra\u00e9lien d\u2019avoir r\u00e9alis\u00e9 son service militaire dans l\u2019arm\u00e9e isra\u00e9lienne et d\u2019avoir particip\u00e9 \u00e0 des \u00e9v\u00e8nements de soutien \u00e0 Tsahal organis\u00e9s en France.<\/p>\n<p>Votre r\u00e9gion, votre actu !<\/p>\n<p>Recevez chaque jour les infos qui comptent pour vous.<\/p>\n<p>\t<a href=\"https:\/\/actu.fr\/newsletter\" class=\"ac-btn ac-btn--corner ac-btn--medium ac-btn--blue800\" target=\"_blank\" rel=\"noopener\">S&rsquo;incrire<\/a><br \/>\nAmir soutenu par Rachida Dati<\/p>\n<p class=\" wall-content\">Discret quant aux menaces et campagnes de boycott dont il est la cible, Amir avait r\u00e9agi en septembre\u00a02025 dans les colonnes du <a href=\"https:\/\/www.leparisien.fr\/culture-loisirs\/musique\/jai-eu-peur-pour-mes-enfants-amir-se-confie-pour-la-premiere-fois-sur-lappel-au-boycott-de-ses-concerts-16-09-2025-UACCQIB6BZHE5HS5RUZFIWLTKM.php?ts=1758089162979\" target=\"_blank\" rel=\"noopener\">Parisien<\/a>\u2009: \u00ab\u2009Je me prends des seaux de menaces\u2009\u00bb.<\/p>\n<p class=\" wall-content\">La ministre de la Culture, Rachida Dati, a \u00e9galement souhait\u00e9 prendre la d\u00e9fense d\u2019Amir sur le r\u00e9seau social X.<\/p>\n<blockquote class=\"ac-article-quote wall-content\">\n<p>Intimidations, campagnes de d\u00e9nigrement, pressions : c\u2019est inacceptable. La sc\u00e8ne doit rester un espace de libert\u00e9, de cr\u00e9ation et d\u2019\u00e9change. Soutien plein et entier \u00e0 Amir. La libert\u00e9 est l\u2019essence m\u00eame de l\u2019art. Aucun pr\u00e9texte \u00e0 l\u2019antis\u00e9mitisme ! La justice doit \u00eatre saisie.<\/p>\n<p>    <strong>Rachida Dati <\/strong><br \/>\n        Ministre de la Culture    <\/p><\/blockquote>\n<p class=\" wall-content\">\u00c0 noter que plusieurs centaines de places sont encore disponibles sur la billetterie du concert.<\/p>\n<p class=\" wall-content\">Personnalisez votre actualit\u00e9 en ajoutant vos villes et m\u00e9dias en favori avec <a href=\"https:\/\/moncompte.actu.fr\" title=\"D\u00e9couvez Mon Actu\" rel=\"nofollow noopener\" data-trk=\"{&quot;cta&quot;:{&quot;action&quot;:&quot;https:\\\/\\\/moncompte.actu.fr&quot;,&quot;category&quot;:&quot;mon compte&quot;,&quot;from&quot;:&quot;article footer&quot;,&quot;name&quot;:&quot;Mon actu&quot;,&quot;type&quot;:&quot;cta&quot;}}\" target=\"_blank\">Mon Actu<\/a>.<\/p>\n","protected":false},"excerpt":{"rendered":"Par Ugo Maillard Publi\u00e9 le 28 oct. 2025 \u00e0 11h35 Le dimanche 30\u00a0novembre 2025, le chanteur Amir doit&hellip;\n","protected":false},"author":2,"featured_media":501481,"comment_status":"","ping_status":"","sticky":false,"template":"","format":"standard","meta":{"footnotes":""},"categories":[2819],"tags":[1111,11,33287,1697,1777,674,1011,27,1652,12,2401,882,25],"class_list":{"0":"post-501480","1":"post","2":"type-post","3":"status-publish","4":"format-standard","5":"has-post-thumbnail","7":"category-nice","8":"tag-actu","9":"tag-actualites","10":"tag-amir","11":"tag-concert","12":"tag-eu","13":"tag-europe","14":"tag-fr","15":"tag-france","16":"tag-loisirs-culture","17":"tag-news","18":"tag-nice","19":"tag-provence-alpes-cote-dazur","20":"tag-republique-francaise"},"share_on_mastodon":{"url":"https:\/\/pubeurope.com\/@fr\/115466995295358259","error":""},"_links":{"self":[{"href":"https:\/\/www.europesays.com\/fr\/wp-json\/wp\/v2\/posts\/501480","targetHints":{"allow":["GET"]}}],"collection":[{"href":"https:\/\/www.europesays.com\/fr\/wp-json\/wp\/v2\/posts"}],"about":[{"href":"https:\/\/www.europesays.com\/fr\/wp-json\/wp\/v2\/types\/post"}],"author":[{"embeddable":true,"href":"https:\/\/www.europesays.com\/fr\/wp-json\/wp\/v2\/users\/2"}],"replies":[{"embeddable":true,"href":"https:\/\/www.europesays.com\/fr\/wp-json\/wp\/v2\/comments?post=501480"}],"version-history":[{"count":0,"href":"https:\/\/www.europesays.com\/fr\/wp-json\/wp\/v2\/posts\/501480\/revisions"}],"wp:featuredmedia":[{"embeddable":true,"href":"https:\/\/www.europesays.com\/fr\/wp-json\/wp\/v2\/media\/501481"}],"wp:attachment":[{"href":"https:\/\/www.europesays.com\/fr\/wp-json\/wp\/v2\/media?parent=501480"}],"wp:term":[{"taxonomy":"category","embeddable":true,"href":"https:\/\/www.europesays.com\/fr\/wp-json\/wp\/v2\/categories?post=501480"},{"taxonomy":"post_tag","embeddable":true,"href":"https:\/\/www.europesays.com\/fr\/wp-json\/wp\/v2\/tags?post=501480"}],"curies":[{"name":"wp","href":"https:\/\/api.w.org\/{rel}","templated":true}]}}