{"id":501496,"date":"2025-10-31T05:03:14","date_gmt":"2025-10-31T05:03:14","guid":{"rendered":"https:\/\/www.europesays.com\/fr\/501496\/"},"modified":"2025-10-31T05:03:14","modified_gmt":"2025-10-31T05:03:14","slug":"un-quadragenaire-arme-dun-tournevis-dun-couteau-et-dun-taser-interpelle-rue-paradis","status":"publish","type":"post","link":"https:\/\/www.europesays.com\/fr\/501496\/","title":{"rendered":"un quadrag\u00e9naire arm\u00e9 d&rsquo;un tournevis, d&rsquo;un couteau et d&rsquo;un taser interpell\u00e9 rue Paradis"},"content":{"rendered":"<p>Ce n\u2019\u00e9tait pas l\u2019endroit le plus discret pour briser une vitre de voiture, m\u00eame \u00e0 l\u2019aube. Peu avant 7h, ce jeudi 30\u00a0octobre, une silhouette a \u00e9t\u00e9 rep\u00e9r\u00e9e par les op\u00e9rateurs du centre de supervision urbain alors qu\u2019elle \u00e9tait en train de fracturer un SUV stationn\u00e9 dans la rue Paradis, dans le 1er arrondissement de Marseille.<\/p>\n<p>Derri\u00e8re ses \u00e9crans, l\u2019agent a alors alert\u00e9 <a href=\"https:\/\/www.laprovence.com\/article\/faits-divers-justice\/2101798364288615\/un-motocycliste-percute-un-policier-municipal-et-fauche-3-pietons-a-noailles-a-marseille\" target=\"_blank\" rel=\"noopener\">un \u00e9quipage de la police municipale<\/a> en patrouille \u00e0 scooter dans le centre-ville. \u00c0 l\u2019arriv\u00e9e des policiers, l\u2019homme tentait de se cacher dans l\u2019entr\u00e9e d\u2019un magasin, encore muni d\u2019une barre m\u00e9tallique. Mais pas que.<\/p>\n<p>Un couteau, un cutter, un taser et\u2026 un parapluie<\/p>\n<p>Lors de sa fouille, ce quadrag\u00e9naire \u00e9tait aussi porteur d\u2019un tournevis, qu\u2019il utilisait pour briser les custodes, mais aussi d\u2019un Opinel grand mod\u00e8le, d\u2019un cutter, et m\u00eame d\u2019un shocker \u00e0 impulsions \u00e9lectriques &#8211; un taser de poche, sans oublier un parapluie\u2026 dont l\u2019utilit\u00e9 est rest\u00e9e inexpliqu\u00e9e.<\/p>\n<p>Ramen\u00e9 au commissariat de Noailles, le suspect, qui avait tent\u00e9 de se faire passer pour un autre, \u00e9tait en fait d\u00e9j\u00e0 tr\u00e8s connu des services de police, multir\u00e9cidiviste m\u00eame, pour des faits de <a href=\"https:\/\/www.laprovence.com\/article\/faits-divers-justice\/35102152023335\/marseille-un-homme-interpelle-pour-32-vols-a-la-roulotte\" target=\"_blank\" rel=\"noopener\">vol \u00e0 la roulotte<\/a>. Il a une nouvelle fois \u00e9t\u00e9 plac\u00e9 en garde \u00e0 vue et les armes et outils ont \u00e9t\u00e9 saisis.<\/p>\n","protected":false},"excerpt":{"rendered":"Ce n\u2019\u00e9tait pas l\u2019endroit le plus discret pour briser une vitre de voiture, m\u00eame \u00e0 l\u2019aube. Peu avant&hellip;\n","protected":false},"author":2,"featured_media":501497,"comment_status":"","ping_status":"","sticky":false,"template":"","format":"standard","meta":{"footnotes":""},"categories":[2814],"tags":[17,1111,11,10268,2837,1777,674,274,1011,27,884,12,882,62347,25,42008,62348,2692],"class_list":{"0":"post-501496","1":"post","2":"type-post","3":"status-publish","4":"format-standard","5":"has-post-thumbnail","7":"category-marseille","8":"tag-17","9":"tag-actu","10":"tag-actualites","11":"tag-arme","12":"tag-dun","13":"tag-eu","14":"tag-europe","15":"tag-faits-divers-justice","16":"tag-fr","17":"tag-france","18":"tag-marseille","19":"tag-news","20":"tag-provence-alpes-cote-dazur","21":"tag-quadragenaire","22":"tag-republique-francaise","23":"tag-roulotte","24":"tag-tournevis","25":"tag-vols"},"share_on_mastodon":{"url":"https:\/\/pubeurope.com\/@fr\/115467033195847600","error":""},"_links":{"self":[{"href":"https:\/\/www.europesays.com\/fr\/wp-json\/wp\/v2\/posts\/501496","targetHints":{"allow":["GET"]}}],"collection":[{"href":"https:\/\/www.europesays.com\/fr\/wp-json\/wp\/v2\/posts"}],"about":[{"href":"https:\/\/www.europesays.com\/fr\/wp-json\/wp\/v2\/types\/post"}],"author":[{"embeddable":true,"href":"https:\/\/www.europesays.com\/fr\/wp-json\/wp\/v2\/users\/2"}],"replies":[{"embeddable":true,"href":"https:\/\/www.europesays.com\/fr\/wp-json\/wp\/v2\/comments?post=501496"}],"version-history":[{"count":0,"href":"https:\/\/www.europesays.com\/fr\/wp-json\/wp\/v2\/posts\/501496\/revisions"}],"wp:featuredmedia":[{"embeddable":true,"href":"https:\/\/www.europesays.com\/fr\/wp-json\/wp\/v2\/media\/501497"}],"wp:attachment":[{"href":"https:\/\/www.europesays.com\/fr\/wp-json\/wp\/v2\/media?parent=501496"}],"wp:term":[{"taxonomy":"category","embeddable":true,"href":"https:\/\/www.europesays.com\/fr\/wp-json\/wp\/v2\/categories?post=501496"},{"taxonomy":"post_tag","embeddable":true,"href":"https:\/\/www.europesays.com\/fr\/wp-json\/wp\/v2\/tags?post=501496"}],"curies":[{"name":"wp","href":"https:\/\/api.w.org\/{rel}","templated":true}]}}