{"id":501500,"date":"2025-10-31T05:05:11","date_gmt":"2025-10-31T05:05:11","guid":{"rendered":"https:\/\/www.europesays.com\/fr\/501500\/"},"modified":"2025-10-31T05:05:11","modified_gmt":"2025-10-31T05:05:11","slug":"ce-qui-change-a-partir-du-1er-novembre","status":"publish","type":"post","link":"https:\/\/www.europesays.com\/fr\/501500\/","title":{"rendered":"ce qui change \u00e0 partir du 1er novembre"},"content":{"rendered":"<p><strong>Encadrement des loyers, nouvelles heures creuses, pneus neige ou encore tr\u00eave hivernale\u2026 Plusieurs changements entrent en vigueur ce samedi 1er novembre.<\/strong><\/p>\n<p>Encadrement des loyers \u00e0 Lyon et Villeurbanne<\/p>\n<p>L\u2019encadrement des loyers devient effectif \u00e0 Lyon et Villeurbanne. Ce dispositif, valid\u00e9 par un arr\u00eat\u00e9 pr\u00e9fectoral, fixe un loyer de r\u00e9f\u00e9rence par m\u00e8tre carr\u00e9, avec un plafond major\u00e9 de 20 % et un plancher minor\u00e9 de 30 %.  <\/p>\n<p>Nouvelle r\u00e9partition des heures creuses<\/p>\n<p>Les plages horaires d\u2019\u00e9lectricit\u00e9 \u00e0 tarif r\u00e9duit changent. D\u00e8s ce 1er novembre, les heures creuses s\u2019\u00e9tendent de 23h \u00e0 7h en hiver, et de 11h \u00e0 17h en \u00e9t\u00e9. Les cr\u00e9neaux du matin et du soir (7h\u201311h et 17h\u201323h) disparaissent progressivement.<\/p>\n<p>Ce changement vise \u00e0 mieux aligner la consommation sur la production d\u2019\u00e9nergie, notamment solaire, et \u00e0 encourager une utilisation plus responsable. <\/p>\n<p>Retour de la tr\u00eave hivernale<\/p>\n<p>La tr\u00eave hivernale d\u00e9bute le 1er novembre et se terminera le 31 mars. Durant cette p\u00e9riode, aucune expulsion locative n\u2019a lieu, m\u00eame en cas d\u2019impay\u00e9s. <\/p>\n<p>Pneus neige obligatoires<\/p>\n<p>Les conducteurs doivent d\u00e9sormais \u00e9quiper leur v\u00e9hicule de pneus hiver ou quatre saisons, ou disposer de cha\u00eenes. La mesure s\u2019applique dans 34 d\u00e9partements, dont le Rh\u00f4ne, la Loire, la Dr\u00f4me, l\u2019Ain, et l\u2019Is\u00e8re. Les d\u00e9partements de Savoie, Haute-Savoie et Haute-Loire sont concern\u00e9s dans leur int\u00e9gralit\u00e9. <\/p>\n<p>Cette obligation reste en vigueur jusqu\u2019au 31 mars 2026.<\/p>\n<p>Violences dans le sport : affichage obligatoire<\/p>\n<p>\u00c0 partir du 19 novembre, tous les \u00e9tablissements sportifs publics et priv\u00e9s devront afficher clairement les dispositifs de signalement des violences sexuelles, physiques ou morales.<\/p>\n<p>Plafonnement des frais bancaires apr\u00e8s un d\u00e9c\u00e8s<\/p>\n<p>D\u00e8s le 13 novembre, les frais de succession seront limit\u00e9s \u00e0 1 % du montant total des comptes, avec un plafond de 850 euros. Certains cas b\u00e9n\u00e9ficieront d\u2019une gratuite totale. <\/p>\n","protected":false},"excerpt":{"rendered":"Encadrement des loyers, nouvelles heures creuses, pneus neige ou encore tr\u00eave hivernale\u2026 Plusieurs changements entrent en vigueur ce&hellip;\n","protected":false},"author":2,"featured_media":222536,"comment_status":"","ping_status":"","sticky":false,"template":"","format":"standard","meta":{"footnotes":""},"categories":[1889],"tags":[62349,1111,11,2430,893,1777,674,1011,27,1908,2428,12,25,62350],"class_list":{"0":"post-501500","1":"post","2":"type-post","3":"status-publish","4":"format-standard","5":"has-post-thumbnail","7":"category-lyon","8":"tag-1er-novembre","9":"tag-actu","10":"tag-actualites","11":"tag-auvergne-rhone-alpes","12":"tag-energie","13":"tag-eu","14":"tag-europe","15":"tag-fr","16":"tag-france","17":"tag-logement","18":"tag-lyon","19":"tag-news","20":"tag-republique-francaise","21":"tag-treve-hivernale"},"share_on_mastodon":{"url":"https:\/\/pubeurope.com\/@fr\/115467041113017045","error":""},"_links":{"self":[{"href":"https:\/\/www.europesays.com\/fr\/wp-json\/wp\/v2\/posts\/501500","targetHints":{"allow":["GET"]}}],"collection":[{"href":"https:\/\/www.europesays.com\/fr\/wp-json\/wp\/v2\/posts"}],"about":[{"href":"https:\/\/www.europesays.com\/fr\/wp-json\/wp\/v2\/types\/post"}],"author":[{"embeddable":true,"href":"https:\/\/www.europesays.com\/fr\/wp-json\/wp\/v2\/users\/2"}],"replies":[{"embeddable":true,"href":"https:\/\/www.europesays.com\/fr\/wp-json\/wp\/v2\/comments?post=501500"}],"version-history":[{"count":0,"href":"https:\/\/www.europesays.com\/fr\/wp-json\/wp\/v2\/posts\/501500\/revisions"}],"wp:featuredmedia":[{"embeddable":true,"href":"https:\/\/www.europesays.com\/fr\/wp-json\/wp\/v2\/media\/222536"}],"wp:attachment":[{"href":"https:\/\/www.europesays.com\/fr\/wp-json\/wp\/v2\/media?parent=501500"}],"wp:term":[{"taxonomy":"category","embeddable":true,"href":"https:\/\/www.europesays.com\/fr\/wp-json\/wp\/v2\/categories?post=501500"},{"taxonomy":"post_tag","embeddable":true,"href":"https:\/\/www.europesays.com\/fr\/wp-json\/wp\/v2\/tags?post=501500"}],"curies":[{"name":"wp","href":"https:\/\/api.w.org\/{rel}","templated":true}]}}