{"id":501503,"date":"2025-10-31T05:08:11","date_gmt":"2025-10-31T05:08:11","guid":{"rendered":"https:\/\/www.europesays.com\/fr\/501503\/"},"modified":"2025-10-31T05:08:11","modified_gmt":"2025-10-31T05:08:11","slug":"ile-de-france-mobilites-mise-toujours-sur-les-bus-au-biomethane","status":"publish","type":"post","link":"https:\/\/www.europesays.com\/fr\/501503\/","title":{"rendered":"\u00cele-de-France Mobilit\u00e9s mise toujours sur les bus au biom\u00e9thane"},"content":{"rendered":"\n<p style=\"margin-bottom: 0cm;\">L&rsquo;organisme vient de conclure une importante commande aupr\u00e8s d&rsquo;Iveco France. D\u00e9j\u00e0 dot\u00e9e de plus de 5.000 bus propres, dont 3.000 au biogaz, la R\u00e9gion pr\u00e9voit d&rsquo;acheter jusqu\u2019\u00e0 4.000 v\u00e9hicules suppl\u00e9mentaires d\u2019ici 2032 via trois accords-cadres. Les premi\u00e8res livraisons attendues d\u00e8s 2026 incluront 154 bus \u00e9lectriques (GX 337 ELEC) et 415 bus au biom\u00e9thane (URBANWAY GNV). L\u2019objectif est d&rsquo;atteindre un parc 100 % propre d\u2019ici 2030. Val\u00e9rie P\u00e9cresse esp\u00e8re \u00ab\u00a0faire de l&rsquo;\u00cele-de-France, la premi\u00e8re r\u00e9gion \u00e0 convertir l&rsquo;ensemble de ses bus et cars avec des \u00e9nergies propres\u00a0\u00bb.<\/p>\n<p style=\"margin-bottom: 0cm;\">\u00a0<\/p>\n<p lang=\"fr-FR\" style=\"margin-bottom: 0cm; font-weight: normal;\">Nicolas Chacun<\/p>\n<p>!function(f,b,e,v,n,t,s){if(f.fbq)return;n=f.fbq=function(){n.callMethod?<br \/>\nn.callMethod.apply(n,arguments):n.queue.push(arguments)};if(!f._fbq)f._fbq=n;<br \/>\nn.push=n;n.loaded=!0;n.version=&rsquo;2.0&prime;;n.queue=[];t=b.createElement(e);t.async=!0;<br \/>\nt.src=v;s=b.getElementsByTagName(e)[0];s.parentNode.insertBefore(t,s)}(window,<br \/>\ndocument,&rsquo;script&rsquo;,&rsquo;https:\/\/connect.facebook.net\/en_US\/fbevents.js&rsquo;);<br \/>\nfbq(&lsquo;init&rsquo;, &lsquo;278974969201861&rsquo;); \/\/ Insert your pixel ID here.<br \/>\nfbq(&lsquo;track&rsquo;, &lsquo;PageView&rsquo;);<\/p>\n","protected":false},"excerpt":{"rendered":"L&rsquo;organisme vient de conclure une importante commande aupr\u00e8s d&rsquo;Iveco France. D\u00e9j\u00e0 dot\u00e9e de plus de 5.000 bus propres,&hellip;\n","protected":false},"author":2,"featured_media":501504,"comment_status":"","ping_status":"","sticky":false,"template":"","format":"standard","meta":{"footnotes":""},"categories":[1592],"tags":[1111,11,1933,1936,1777,1939,674,1011,27,662,1934,12,1940,626,1935,25,1937,1941,1938],"class_list":{"0":"post-501503","1":"post","2":"type-post","3":"status-publish","4":"format-standard","5":"has-post-thumbnail","7":"category-ile-de-france","8":"tag-actu","9":"tag-actualites","10":"tag-actualites-locales","11":"tag-essonne","12":"tag-eu","13":"tag-eure-et-loir","14":"tag-europe","15":"tag-fr","16":"tag-france","17":"tag-ile-de-france","18":"tag-infos-locales","19":"tag-news","20":"tag-oise","21":"tag-paris","22":"tag-pres-de-chez-vous","23":"tag-republique-francaise","24":"tag-seine-et-marne","25":"tag-somme","26":"tag-yvelines"},"share_on_mastodon":{"url":"https:\/\/pubeurope.com\/@fr\/115467052915951267","error":""},"_links":{"self":[{"href":"https:\/\/www.europesays.com\/fr\/wp-json\/wp\/v2\/posts\/501503","targetHints":{"allow":["GET"]}}],"collection":[{"href":"https:\/\/www.europesays.com\/fr\/wp-json\/wp\/v2\/posts"}],"about":[{"href":"https:\/\/www.europesays.com\/fr\/wp-json\/wp\/v2\/types\/post"}],"author":[{"embeddable":true,"href":"https:\/\/www.europesays.com\/fr\/wp-json\/wp\/v2\/users\/2"}],"replies":[{"embeddable":true,"href":"https:\/\/www.europesays.com\/fr\/wp-json\/wp\/v2\/comments?post=501503"}],"version-history":[{"count":0,"href":"https:\/\/www.europesays.com\/fr\/wp-json\/wp\/v2\/posts\/501503\/revisions"}],"wp:featuredmedia":[{"embeddable":true,"href":"https:\/\/www.europesays.com\/fr\/wp-json\/wp\/v2\/media\/501504"}],"wp:attachment":[{"href":"https:\/\/www.europesays.com\/fr\/wp-json\/wp\/v2\/media?parent=501503"}],"wp:term":[{"taxonomy":"category","embeddable":true,"href":"https:\/\/www.europesays.com\/fr\/wp-json\/wp\/v2\/categories?post=501503"},{"taxonomy":"post_tag","embeddable":true,"href":"https:\/\/www.europesays.com\/fr\/wp-json\/wp\/v2\/tags?post=501503"}],"curies":[{"name":"wp","href":"https:\/\/api.w.org\/{rel}","templated":true}]}}