{"id":501512,"date":"2025-10-31T05:13:14","date_gmt":"2025-10-31T05:13:14","guid":{"rendered":"https:\/\/www.europesays.com\/fr\/501512\/"},"modified":"2025-10-31T05:13:14","modified_gmt":"2025-10-31T05:13:14","slug":"la-finlande-dans-le-viseur-de-poutine","status":"publish","type":"post","link":"https:\/\/www.europesays.com\/fr\/501512\/","title":{"rendered":"la Finlande dans le viseur de Poutine"},"content":{"rendered":"<p>Son regard se fige. \u00c0 ses pieds, elle d\u00e9couvre, couch\u00e9 dans l&rsquo;herbe, le panneau du secteur frontalier. \u00ab\u00a0Zone fronti\u00e8re, entr\u00e9e interdite sans autorisation\u00a0\u00bb, y lit-on. Elle se penche. Le poteau a \u00e9t\u00e9 sci\u00e9 \u00e0 la base. Des traces de pas m\u00e8nent jusqu&rsquo;au bord du lac, \u00e0 quelques m\u00e8tres de l\u00e0. \u00ab\u00a0Que se passe-t-il\u00a0? interroge-t-elle. Il faut que je pr\u00e9vienne les gardes-fronti\u00e8res.\u00a0\u00bb<\/p>\n<p>Dans la r\u00e9gion de la ville finlandaise de Parikkala, \u00e0 quatre heures de route d&rsquo;Helsinki, Saara Wilhems, 47\u00a0ans, vit aux avant-postes, <a class=\"Link\" href=\"https:\/\/www.lepoint.fr\/monde\/la-russie-montre-ses-muscles-a-sa-frontiere-avec-la-finlande-et-l-otan-22-05-2025-2590236_24.php\" title=\"\" data-gtm=\"click:capsule\" data-capsule=\"Lien\" target=\"_blank\" rel=\"noopener\">tout pr\u00e8s de la fronti\u00e8re russe<\/a>. De son cottage en bois, elle voit la <a class=\"Link\" href=\"https:\/\/www.lepoint.fr\/tags\/russie\" data-gtm=\"click:capsule\" data-capsule=\"Lien\" target=\"_blank\" rel=\"noopener\">Russie<\/a> sur la rive oppos\u00e9e. Et, lorsqu&rsquo;elle sort de son sauna pour se plonger dans l&rsquo;eau glac\u00e9e, elle veille \u00e0 ne pas s&rsquo;\u00e9loigner\u00a0: la fronti\u00e8re coupe le lac en deux. Aux jumelles, on ne distingue aucune habitation&#8230;<\/p>\n<p>Toute l\u2019actualit\u00e9 \u00e0 1\u20ac le premier mois<\/p>\n<p><a href=\"https:\/\/abo.lepoint.fr\/?provenance=21EDI020098\" class=\"btn\" title=\"S&#039;abonner\" data-gtm=\"click:abo|display:abo\" data-campaign=\"paywall_maison\" target=\"_blank\" rel=\"noopener\">S&rsquo;abonner<\/a><\/p>\n<p>ou<\/p>\n","protected":false},"excerpt":{"rendered":"Son regard se fige. \u00c0 ses pieds, elle d\u00e9couvre, couch\u00e9 dans l&rsquo;herbe, le panneau du secteur frontalier. \u00ab\u00a0Zone&hellip;\n","protected":false},"author":2,"featured_media":501513,"comment_status":"","ping_status":"","sticky":false,"template":"","format":"standard","meta":{"footnotes":""},"categories":[1591],"tags":[11,1887,219,12,1885,1886,132],"class_list":{"0":"post-501512","1":"post","2":"type-post","3":"status-publish","4":"format-standard","5":"has-post-thumbnail","7":"category-russie","8":"tag-actualites","9":"tag-federation-de-russie","10":"tag-finlande","11":"tag-news","12":"tag-russia","13":"tag-russian-federation","14":"tag-russie"},"share_on_mastodon":{"url":"https:\/\/pubeurope.com\/@fr\/115467072529263549","error":""},"_links":{"self":[{"href":"https:\/\/www.europesays.com\/fr\/wp-json\/wp\/v2\/posts\/501512","targetHints":{"allow":["GET"]}}],"collection":[{"href":"https:\/\/www.europesays.com\/fr\/wp-json\/wp\/v2\/posts"}],"about":[{"href":"https:\/\/www.europesays.com\/fr\/wp-json\/wp\/v2\/types\/post"}],"author":[{"embeddable":true,"href":"https:\/\/www.europesays.com\/fr\/wp-json\/wp\/v2\/users\/2"}],"replies":[{"embeddable":true,"href":"https:\/\/www.europesays.com\/fr\/wp-json\/wp\/v2\/comments?post=501512"}],"version-history":[{"count":0,"href":"https:\/\/www.europesays.com\/fr\/wp-json\/wp\/v2\/posts\/501512\/revisions"}],"wp:featuredmedia":[{"embeddable":true,"href":"https:\/\/www.europesays.com\/fr\/wp-json\/wp\/v2\/media\/501513"}],"wp:attachment":[{"href":"https:\/\/www.europesays.com\/fr\/wp-json\/wp\/v2\/media?parent=501512"}],"wp:term":[{"taxonomy":"category","embeddable":true,"href":"https:\/\/www.europesays.com\/fr\/wp-json\/wp\/v2\/categories?post=501512"},{"taxonomy":"post_tag","embeddable":true,"href":"https:\/\/www.europesays.com\/fr\/wp-json\/wp\/v2\/tags?post=501512"}],"curies":[{"name":"wp","href":"https:\/\/api.w.org\/{rel}","templated":true}]}}