{"id":501516,"date":"2025-10-31T05:15:22","date_gmt":"2025-10-31T05:15:22","guid":{"rendered":"https:\/\/www.europesays.com\/fr\/501516\/"},"modified":"2025-10-31T05:15:22","modified_gmt":"2025-10-31T05:15:22","slug":"les-etats-unis-reduisent-drastiquement-laccueil-de-refugies","status":"publish","type":"post","link":"https:\/\/www.europesays.com\/fr\/501516\/","title":{"rendered":"Les Etats-Unis r\u00e9duisent drastiquement l&rsquo;accueil de r\u00e9fugi\u00e9s"},"content":{"rendered":"<p>Ce n&rsquo;est pas une surprise, mais un revirement majeur d&rsquo;une tradition d&rsquo;accueil bien ancr\u00e9e depuis des d\u00e9cennies. Les Etats-Unis ont annonc\u00e9 jeudi r\u00e9duire de fa\u00e7on drastique le nombre de r\u00e9fugi\u00e9s qu&rsquo;ils sont pr\u00eats \u00e0 accueillir chaque ann\u00e9e. Ils ont fix\u00e9 \u00e0 quelque 7500 le nombre de personnes qui se verront accorder le statut de r\u00e9fugi\u00e9 cette ann\u00e9e, contre quelque 100 000 par an sous l&rsquo;ancien pr\u00e9sident d\u00e9mocrate Joe Biden.<\/p>\n<p>Lire aussi: <a href=\"https:\/\/www.letemps.ch\/articles\/priorite-aux-blancs-tests-adn-pour-les-enfants-comment-donald-trump-veut-transformer-le-systeme-americain-d-accueil-des-refugies\" rel=\"nofollow noopener\" target=\"_blank\">Priorit\u00e9 aux Blancs, tests ADN pour les enfants: comment Donald Trump veut transformer le syst\u00e8me am\u00e9ricain d\u2019accueil des r\u00e9fugi\u00e9s<\/a>  <\/p>\n<p>Et la vaste majorit\u00e9 sera compos\u00e9e d&rsquo;Afrikaners, des descendants des premiers colons europ\u00e9ens en Afrique du Sud, selon un document de la Maison-Blanche rendu public jeudi. \u00abLe nombre d&rsquo;admissions sera principalement r\u00e9parti entre les Afrikaners d&rsquo;Afrique du Sud (&#8230;) et d&rsquo;autres victimes de discrimination ill\u00e9gale ou injuste dans leur pays d&rsquo;origine respectif\u00bb, ajoute le texte dat\u00e9 du 30 septembre et qui doit \u00eatre publi\u00e9 vendredi dans le registre f\u00e9d\u00e9ral.<\/p>\n<p>D\u00e8s son retour au pouvoir en janvier, le pr\u00e9sident Donald Trump a sabr\u00e9 dans l&rsquo;aide \u00e9trang\u00e8re des Etats-Unis et op\u00e9r\u00e9 un raidissement de la politique d&rsquo;immigration en se concentrant sur l&rsquo;expulsion d&rsquo;immigr\u00e9s clandestins et gelant l&rsquo;accueil de demandeurs d&rsquo;asile et autres r\u00e9fugi\u00e9s.<\/p>\n<p>Traitement sp\u00e9cial pour les Afrikaners<\/p>\n<p>Le dirigeant r\u00e9publicain avait d\u00e9j\u00e0 pris un d\u00e9cret le 7 f\u00e9vrier qui pr\u00e9tend que les Afrikaners sont spoli\u00e9s de leurs terres et pers\u00e9cut\u00e9s, leur accordant le statut de r\u00e9fugi\u00e9.<\/p>\n<p>En mai, une cinquantaine d&rsquo;entre eux ont \u00e9t\u00e9 accueillis aux Etats-Unis en tant que r\u00e9fugi\u00e9s, une initiative vigoureusement contest\u00e9e par Pretoria.<\/p>\n<p>Les Afrikaners constituent la majorit\u00e9 de la population blanche d&rsquo;Afrique du Sud. C&rsquo;est de cette frange de la population que sont issus les dirigeants politiques qui ont institu\u00e9 l&rsquo;apartheid, syst\u00e8me de s\u00e9gr\u00e9gation raciale ayant priv\u00e9 la population noire \u2212 tr\u00e8s majoritaire \u2212 de la plupart de ses droits de 1948 jusqu&rsquo;au d\u00e9but des ann\u00e9es 1990.<\/p>\n<p>Lire encore: <a href=\"https:\/\/www.letemps.ch\/articles\/l-amerique-de-trump-accueille-ses-premiers-afrikaners-en-grande-pompe-une-initiative-contestee-par-pretoria\" rel=\"nofollow noopener\" target=\"_blank\">L&rsquo;Am\u00e9rique de Trump accueille ses premiers Afrikaners en grande pompe, une initiative contest\u00e9e par Pretoria<\/a>  <\/p>\n<p>La minorit\u00e9 blanche repr\u00e9sente un peu plus de 7% de la population, mais poss\u00e9dait 72% des terres agricoles en 2017, selon des statistiques gouvernementales, l&rsquo;h\u00e9ritage d&rsquo;une politique d&rsquo;expropriation de la population noire pendant la colonisation puis l&rsquo;apartheid, que des lois vot\u00e9es depuis 1994 visent \u00e0 r\u00e9viser. Le pr\u00e9sident Trump a d\u00e9nonc\u00e9 \u00e0 plusieurs reprises leur \u00absituation terrible\u00bb, et \u00e9voqu\u00e9 un \u00abg\u00e9nocide\u00bb.<\/p>\n<p>Un programme en p\u00e9ril<\/p>\n<p>D\u00e8s l&rsquo;annonce de la d\u00e9cision, des ONG et associations de d\u00e9fense des immigr\u00e9s ont cri\u00e9 au scandale. Depuis 1980, \u00abplus de deux millions de personnes fuyant la pers\u00e9cution ont \u00e9t\u00e9 admises aux Etats-Unis\u00bb dans le cadre du programme d&rsquo;accueil de r\u00e9fugi\u00e9s, a relev\u00e9 Aaron Reichlin-Melnick, du American Immigration Council. \u00abD\u00e9sormais, il servira de voie d&rsquo;immigration pour les Blancs\u00bb, a-t-il d\u00e9nonc\u00e9 sur X.<\/p>\n<blockquote class=\"twitter-tweet\" data-dnt=\"true\" align=\"center\" data-conversation=\"none\">\n<p lang=\"en\" dir=\"ltr\">Since the U.S. Refugee Program was created in 1980, it has admitted over two million people fleeing ethnic cleansing and other horrors. Now it will be used as a pathway for White immigration. What a downfall for a crown jewel of America&rsquo;s international humanitarian programs.<\/p>\n<p>\u2014 Aaron Reichlin-Melnick (@ReichlinMelnick) <a href=\"https:\/\/twitter.com\/ReichlinMelnick\/status\/1983946239659147673?ref_src=twsrc%5Etfw\" rel=\"nofollow noopener\" target=\"_blank\">October 30, 2025<\/a>\n<\/p><\/blockquote>\n<p>Pour sa part, Krish O&rsquo;Mara Vignarajah, qui dirige l&rsquo;association Global Refuge, a d\u00e9plor\u00e9 le fait que depuis des d\u00e9cennies, le programme d&rsquo;accueil des r\u00e9fugi\u00e9s \u00abest une bou\u00e9e de sauvetage pour les familles qui fuient la guerre, la pers\u00e9cution et la r\u00e9pression\u00bb.<\/p>\n<p>\u00abA l&rsquo;heure o\u00f9 des pays tels que l&rsquo;Afghanistan, le Venezuela, le Soudan et bien d&rsquo;autres sont en crise, concentrer la grande majorit\u00e9 des admissions sur un seul groupe sape l&rsquo;objectif du programme ainsi que sa cr\u00e9dibilit\u00e9\u00bb, a-t-il dit dans un communiqu\u00e9.<\/p>\n<p>L&rsquo;administration Trump avait d\u00e9j\u00e0 supprim\u00e9 un statut sp\u00e9cial d&rsquo;accueil temporaire qui prot\u00e9geait les ressortissants d&rsquo;Afghanistan, de Ha\u00efti et du Venezuela notamment.<\/p>\n<p>    <script async src=\"https:\/\/platform.twitter.com\/widgets.js\" charset=\"utf-8\"><\/script><\/p>\n","protected":false},"excerpt":{"rendered":"Ce n&rsquo;est pas une surprise, mais un revirement majeur d&rsquo;une tradition d&rsquo;accueil bien ancr\u00e9e depuis des d\u00e9cennies. Les&hellip;\n","protected":false},"author":2,"featured_media":501517,"comment_status":"","ping_status":"","sticky":false,"template":"","format":"standard","meta":{"footnotes":""},"categories":[1589],"tags":[11,75,73,1866,4438,10090,12,1864,1865,1863,308],"class_list":{"0":"post-501516","1":"post","2":"type-post","3":"status-publish","4":"format-standard","5":"has-post-thumbnail","7":"category-etats-unis","8":"tag-actualites","9":"tag-donald-trump","10":"tag-etats-unis","11":"tag-etats-unis-damerique","12":"tag-free","13":"tag-migrations","14":"tag-news","15":"tag-united-states","16":"tag-united-states-of-america","17":"tag-us","18":"tag-usa"},"share_on_mastodon":{"url":"https:\/\/pubeurope.com\/@fr\/115467080409981394","error":""},"_links":{"self":[{"href":"https:\/\/www.europesays.com\/fr\/wp-json\/wp\/v2\/posts\/501516","targetHints":{"allow":["GET"]}}],"collection":[{"href":"https:\/\/www.europesays.com\/fr\/wp-json\/wp\/v2\/posts"}],"about":[{"href":"https:\/\/www.europesays.com\/fr\/wp-json\/wp\/v2\/types\/post"}],"author":[{"embeddable":true,"href":"https:\/\/www.europesays.com\/fr\/wp-json\/wp\/v2\/users\/2"}],"replies":[{"embeddable":true,"href":"https:\/\/www.europesays.com\/fr\/wp-json\/wp\/v2\/comments?post=501516"}],"version-history":[{"count":0,"href":"https:\/\/www.europesays.com\/fr\/wp-json\/wp\/v2\/posts\/501516\/revisions"}],"wp:featuredmedia":[{"embeddable":true,"href":"https:\/\/www.europesays.com\/fr\/wp-json\/wp\/v2\/media\/501517"}],"wp:attachment":[{"href":"https:\/\/www.europesays.com\/fr\/wp-json\/wp\/v2\/media?parent=501516"}],"wp:term":[{"taxonomy":"category","embeddable":true,"href":"https:\/\/www.europesays.com\/fr\/wp-json\/wp\/v2\/categories?post=501516"},{"taxonomy":"post_tag","embeddable":true,"href":"https:\/\/www.europesays.com\/fr\/wp-json\/wp\/v2\/tags?post=501516"}],"curies":[{"name":"wp","href":"https:\/\/api.w.org\/{rel}","templated":true}]}}