{"id":501520,"date":"2025-10-31T05:17:14","date_gmt":"2025-10-31T05:17:14","guid":{"rendered":"https:\/\/www.europesays.com\/fr\/501520\/"},"modified":"2025-10-31T05:17:14","modified_gmt":"2025-10-31T05:17:14","slug":"saut-a-ski-oberhof-selina-freitag-et-felix-hoffmann-champions-dallemagne-dete-sur-le-petit-tremplin-nordic-mag-n1-biathlon","status":"publish","type":"post","link":"https:\/\/www.europesays.com\/fr\/501520\/","title":{"rendered":"Saut \u00e0 ski | Oberhof : Selina Freitag et Felix Hoffmann champions d&rsquo;Allemagne d&rsquo;\u00e9t\u00e9 sur le petit tremplin | Nordic Mag | N\u00b01 Biathlon"},"content":{"rendered":"<p>\t\t<a data-no-instant=\"1\" href=\"https:\/\/www.mynordic.fr\/nordic-mag-lapplication-du-nordique\/\" rel=\"noopener nofollow\" class=\"a2t-link\" target=\"_blank\" aria-label=\"Biathlon, biathlon programme, programme biathlon, nordic mag, biathlon 2024, ibu, ski nordique, ski de fond, ski, combin\u00e9, combin\u00e9 nordique, saut, saut \u00e0 ski, ibu cup, biathlon aujourd&#039;hui, calendrier biathlon 2024, nordic mag biathlon, championnat du monde biathlon 2024, nove mesto, biathlon calendrier, coupe du monde biathlon 2024, ski nordique, julia simon, justine braisaz-bouchet, ski-nordique, \u00e9milien jacquelin, biathlon championnat du monde, biathlon programme aujourd&#039;hui, coupe du monde de biathlon 2024, ski nordique net, nordic magazine, nordic\"><img loading=\"lazy\" decoding=\"async\" src=\"https:\/\/www.europesays.com\/fr\/wp-content\/uploads\/2025\/10\/Pub_Appli.gif\" alt=\"Biathlon, biathlon programme, programme biathlon, nordic mag, biathlon 2024, ibu, ski nordique, ski de fond, ski, combin\u00e9, combin\u00e9 nordique, saut, saut \u00e0 ski, ibu cup, biathlon aujourd'hui, calendrier biathlon 2024, nordic mag biathlon, championnat du monde biathlon 2024, nove mesto, biathlon calendrier, coupe du monde biathlon 2024, ski nordique, julia simon, justine braisaz-bouchet, ski-nordique, \u00e9milien jacquelin, biathlon championnat du monde, biathlon programme aujourd'hui, coupe du monde de biathlon 2024, ski nordique net, nordic magazine, nordic\" width=\"1584\" height=\"396\" style=\"display: inline-block;\"\/><\/a><\/p>\n<p>22:11. Ce jeudi soir, dans la nuit thuringeoise, <strong>les championnats d\u2019Allemagne de saut \u00e0 ski d\u2019\u00e9t\u00e9 se d\u00e9roulaient sur le petit tremplin d\u2019Oberhof (Allemagne)<\/strong>. <\/p>\n<p>Sur cet HS100, <strong>c\u2019est Felix Hoffmann (96,5 et 102,5 m\u00e8tres) qui a d\u00e9croch\u00e9 la m\u00e9daille d\u2019or masculine<\/strong> devant <strong>Philipp Raimund<\/strong> (95 et 103,5 m\u00e8tres), <a href=\"https:\/\/www.nordicmag.info\/saut-a-ski-grand-prix-dete-klingenthal-ryoyu-kobayashi-simpose-le-general-pour-philipp-raimund-1025\/\" rel=\"nofollow noopener\" target=\"_blank\">vainqueur du Grand Prix d\u2019\u00e9t\u00e9 la semaine pass\u00e9e<\/a>, et<strong> Pius Paschke<\/strong> (99 et 105 m\u00e8tres).<\/p>\n<p>C\u00f4t\u00e9 f\u00e9minin, <strong>Selina Freitag (96 et 93,5 m\u00e8tres), en grande forme tout au long de l\u2019\u00e9t\u00e9, est sacr\u00e9e championne d\u2019Allemagne<\/strong> tandis que<strong> Agnes Reisch <\/strong>(90 et 92,5 m\u00e8tres) et la tenante du titre <strong>Katharina Schmid <\/strong>(85,5 et 95,5 m\u00e8tres) montent sur le podium.<\/p>\n<p>Les r\u00e9sultats complets<\/p>\n<p><a href=\"https:\/\/www.nordicmag.info\/wp-content\/uploads\/2025\/10\/E_20251030_Oberhof_DM_klassenlos.pdf\" class=\"pdfemb-viewer\" style=\"\" data-width=\"max\" data-height=\"max\" data-toolbar=\"bottom\" data-toolbar-fixed=\"off\" rel=\"nofollow noopener\" target=\"_blank\">E_20251030_Oberhof_DM_klassenlos<\/a><\/p>\n<p>A lire aussi<\/p>\n<p>Les cinq derni\u00e8res infos<\/p>\n<p>\n\tArticles similaires<\/p>\n","protected":false},"excerpt":{"rendered":"22:11. Ce jeudi soir, dans la nuit thuringeoise, les championnats d\u2019Allemagne de saut \u00e0 ski d\u2019\u00e9t\u00e9 se d\u00e9roulaient&hellip;\n","protected":false},"author":2,"featured_media":501521,"comment_status":"","ping_status":"","sticky":false,"template":"","format":"standard","meta":{"footnotes":""},"categories":[1587],"tags":[11,672,1804,1805,1803,1777,674,1801,12,1802],"class_list":{"0":"post-501520","1":"post","2":"type-post","3":"status-publish","4":"format-standard","5":"has-post-thumbnail","7":"category-allemagne","8":"tag-actualites","9":"tag-allemagne","10":"tag-bundesrepublik-deutschland","11":"tag-de","12":"tag-deutschland","13":"tag-eu","14":"tag-europe","15":"tag-germany","16":"tag-news","17":"tag-republique-federale-dallemagne"},"share_on_mastodon":{"url":"https:\/\/pubeurope.com\/@fr\/115467088808345130","error":""},"_links":{"self":[{"href":"https:\/\/www.europesays.com\/fr\/wp-json\/wp\/v2\/posts\/501520","targetHints":{"allow":["GET"]}}],"collection":[{"href":"https:\/\/www.europesays.com\/fr\/wp-json\/wp\/v2\/posts"}],"about":[{"href":"https:\/\/www.europesays.com\/fr\/wp-json\/wp\/v2\/types\/post"}],"author":[{"embeddable":true,"href":"https:\/\/www.europesays.com\/fr\/wp-json\/wp\/v2\/users\/2"}],"replies":[{"embeddable":true,"href":"https:\/\/www.europesays.com\/fr\/wp-json\/wp\/v2\/comments?post=501520"}],"version-history":[{"count":0,"href":"https:\/\/www.europesays.com\/fr\/wp-json\/wp\/v2\/posts\/501520\/revisions"}],"wp:featuredmedia":[{"embeddable":true,"href":"https:\/\/www.europesays.com\/fr\/wp-json\/wp\/v2\/media\/501521"}],"wp:attachment":[{"href":"https:\/\/www.europesays.com\/fr\/wp-json\/wp\/v2\/media?parent=501520"}],"wp:term":[{"taxonomy":"category","embeddable":true,"href":"https:\/\/www.europesays.com\/fr\/wp-json\/wp\/v2\/categories?post=501520"},{"taxonomy":"post_tag","embeddable":true,"href":"https:\/\/www.europesays.com\/fr\/wp-json\/wp\/v2\/tags?post=501520"}],"curies":[{"name":"wp","href":"https:\/\/api.w.org\/{rel}","templated":true}]}}