{"id":501532,"date":"2025-10-31T05:25:12","date_gmt":"2025-10-31T05:25:12","guid":{"rendered":"https:\/\/www.europesays.com\/fr\/501532\/"},"modified":"2025-10-31T05:25:12","modified_gmt":"2025-10-31T05:25:12","slug":"provence-rugby-pro-d2-veut-recruter-un-joueur-du-top-14","status":"publish","type":"post","link":"https:\/\/www.europesays.com\/fr\/501532\/","title":{"rendered":"Provence Rugby (Pro D2) veut recruter un joueur du Top 14 !"},"content":{"rendered":"<p data-start=\"256\" data-end=\"585\">C\u2019est un <strong data-start=\"265\" data-end=\"287\">retour aux sources<\/strong> qui se profile pour <strong data-start=\"308\" data-end=\"326\">Arthur Coville<\/strong>. Le demi de m\u00eal\u00e9e, en fin de contrat avec <strong data-start=\"369\" data-end=\"387\">Provence Rugby<\/strong>, a choisi de rejoindre <strong data-start=\"411\" data-end=\"421\">Vannes<\/strong>, son club formateur, \u00e0 l\u2019issue de la saison.<\/p>\n<p data-start=\"256\" data-end=\"585\">Le joueur de 27 ans a paraph\u00e9 un <strong data-start=\"500\" data-end=\"555\">contrat de deux ans assorti d\u2019une ann\u00e9e optionnelle<\/strong> avec la formation bretonne.<\/p>\n<p data-start=\"587\" data-end=\"910\">Les discussions entre les deux parties \u00e9taient engag\u00e9es depuis plusieurs semaines. Le club morbihannais, s\u00e9duit par le profil du joueur et son attachement \u00e0 la r\u00e9gion, esp\u00e9rait m\u00eame un retour anticip\u00e9 d\u00e8s cette saison.<\/p>\n<p data-start=\"587\" data-end=\"910\">Finalement, Coville honorera son engagement jusqu\u2019en juin avant de rallier le leader breton de Pro D2.<\/p>\n<p data-start=\"912\" data-end=\"1260\">Du c\u00f4t\u00e9 d\u2019Aix-en-Provence, on s\u2019active d\u00e9j\u00e0 pour lui trouver un successeur.<\/p>\n<p data-start=\"912\" data-end=\"1260\">Et selon les informations de Midi Olympique, la priorit\u00e9 se nomme <strong data-start=\"1009\" data-end=\"1023\">Dan Robson<\/strong>, l\u2019exp\u00e9riment\u00e9 demi de m\u00eal\u00e9e anglais actuellement sous contrat avec la <strong data-start=\"1095\" data-end=\"1114\">Section Paloise<\/strong>.<\/p>\n<p data-start=\"912\" data-end=\"1260\">Victime d\u2019une fracture du p\u00e9ron\u00e9, le joueur se remet doucement mais reste tr\u00e8s appr\u00e9ci\u00e9 pour son sens du jeu et son exp\u00e9rience internationale.<\/p>\n<p data-start=\"1262\" data-end=\"1577\">Provence Rugby garde toutefois d\u2019autres pistes, dont celle menant \u00e0 <strong data-start=\"1330\" data-end=\"1348\">Samuel Marques<\/strong>, le demi de m\u00eal\u00e9e de B\u00e9ziers. Mais selon plusieurs sources proches du club, le manager <strong>Philippe\u00a0Saint-Andr\u00e9<\/strong> donnerait la priorit\u00e9 au recrutement de l\u2019Anglais, jug\u00e9 plus conforme au projet de jeu et \u00e0 l\u2019encadrement du groupe.<\/p>\n<p data-start=\"1579\" data-end=\"1783\" data-is-last-node=\"\" data-is-only-node=\"\">Un d\u00e9part et une arriv\u00e9e \u00e0 venir qui devraient marquer un <strong data-start=\"1637\" data-end=\"1688\">tournant important dans la charni\u00e8re proven\u00e7ale<\/strong>, \u00e0 l\u2019heure o\u00f9 le club ambitionne de s\u2019installer durablement dans le haut du tableau de Pro D2.<\/p>\n","protected":false},"excerpt":{"rendered":"C\u2019est un retour aux sources qui se profile pour Arthur Coville. Le demi de m\u00eal\u00e9e, en fin de&hellip;\n","protected":false},"author":2,"featured_media":501533,"comment_status":"","ping_status":"","sticky":false,"template":"","format":"standard","meta":{"footnotes":""},"categories":[1416],"tags":[1011,27,479,1468,60],"class_list":{"0":"post-501532","1":"post","2":"type-post","3":"status-publish","4":"format-standard","5":"has-post-thumbnail","7":"category-rugby","8":"tag-fr","9":"tag-france","10":"tag-rugby","11":"tag-rugby-football","12":"tag-sports"},"share_on_mastodon":{"url":"https:\/\/pubeurope.com\/@fr\/115467119701252625","error":""},"_links":{"self":[{"href":"https:\/\/www.europesays.com\/fr\/wp-json\/wp\/v2\/posts\/501532","targetHints":{"allow":["GET"]}}],"collection":[{"href":"https:\/\/www.europesays.com\/fr\/wp-json\/wp\/v2\/posts"}],"about":[{"href":"https:\/\/www.europesays.com\/fr\/wp-json\/wp\/v2\/types\/post"}],"author":[{"embeddable":true,"href":"https:\/\/www.europesays.com\/fr\/wp-json\/wp\/v2\/users\/2"}],"replies":[{"embeddable":true,"href":"https:\/\/www.europesays.com\/fr\/wp-json\/wp\/v2\/comments?post=501532"}],"version-history":[{"count":0,"href":"https:\/\/www.europesays.com\/fr\/wp-json\/wp\/v2\/posts\/501532\/revisions"}],"wp:featuredmedia":[{"embeddable":true,"href":"https:\/\/www.europesays.com\/fr\/wp-json\/wp\/v2\/media\/501533"}],"wp:attachment":[{"href":"https:\/\/www.europesays.com\/fr\/wp-json\/wp\/v2\/media?parent=501532"}],"wp:term":[{"taxonomy":"category","embeddable":true,"href":"https:\/\/www.europesays.com\/fr\/wp-json\/wp\/v2\/categories?post=501532"},{"taxonomy":"post_tag","embeddable":true,"href":"https:\/\/www.europesays.com\/fr\/wp-json\/wp\/v2\/tags?post=501532"}],"curies":[{"name":"wp","href":"https:\/\/api.w.org\/{rel}","templated":true}]}}