{"id":501534,"date":"2025-10-31T05:26:16","date_gmt":"2025-10-31T05:26:16","guid":{"rendered":"https:\/\/www.europesays.com\/fr\/501534\/"},"modified":"2025-10-31T05:26:16","modified_gmt":"2025-10-31T05:26:16","slug":"je-navais-jamais-vu-alcaraz-autant-enerve","status":"publish","type":"post","link":"https:\/\/www.europesays.com\/fr\/501534\/","title":{"rendered":"\u00ab Je n\u2019avais jamais vu Alcaraz autant \u00e9nerv\u00e9 \u00bb"},"content":{"rendered":"<p>                <img decoding=\"async\" src=\"https:\/\/www.europesays.com\/fr\/wp-content\/uploads\/2025\/10\/shfX.jpg\" fetchpriority=\"high\" alt=\"Bertolucci : \u00ab Je n\u2019avais jamais vu Alcaraz autant \u00e9nerv\u00e9 \u00bb\"\/><\/p>\n<p>Lundi, le num\u00e9ro un mondial Carlos Alcaraz a r\u00e9serv\u00e9 l\u2019une des plus grandes surprises de la saison \u00e0 Paris. Oppos\u00e9 au Britannique Cameron Norrie pour son entr\u00e9e en lice, le jeune prodige espagnol s\u2019est inclin\u00e9 (4-6, 6-3, 6-4) dans un match inattendu, laissant fans et experts bouche b\u00e9e.<\/p>\n<p>Habitu\u00e9 \u00e0 atteindre les phases finales des tournois, Alcaraz semble \u00eatre en grande difficult\u00e9 lorsque la saison sur indoor se pr\u00e9sente. Mais si le natif d\u2019El Palmar s\u2019est lui-m\u00eame montr\u00e9 tr\u00e8s d\u00e9\u00e7u en conf\u00e9rence de presse, les observateurs ne se sont pas priv\u00e9s pour donner leur avis.<\/p>\n<p><strong>En effet, l\u2019ancien joueur italien Paolo Bertolucci, commentateur sur Sky, a exprim\u00e9 sa stup\u00e9faction :<\/strong><\/p>\n<p>\u00ab Il \u00e9tait tr\u00e8s nerveux et son \u00e9quipe essayait de le calmer. Je ne l\u2019avais jamais vu aussi fou et commettre autant d&rsquo;erreurs. Il essayait d\u2019allumer la lumi\u00e8re, mais il n\u2019y parvenait pas. Il s\u2019est plaint tout au long du match qu\u2019il ne sentait pas la balle et que le terrain \u00e9tait lent.<\/p>\n<p>C&rsquo;\u00e9tait une mauvaise journ\u00e9e, c\u2019est s\u00fbr, et sa concentration \u00e9tait au plus bas. C&rsquo;est donc une d\u00e9faite vraiment inattendue et qui ouvre une br\u00e8che dans la partie sup\u00e9rieure du tableau. Cela profitera certainement \u00e0 Sinner \u00e0 la fin. \u00bb<\/p>\n<p>Cette sortie pr\u00e9coce \u00e0 Nanterre marque donc un rare faux pas pour le prodige espagnol, mais elle rappelle aussi l\u2019impr\u00e9visibilit\u00e9 du tennis de haut niveau : m\u00eame les meilleurs peuvent traverser des jours sans.<\/p>\n","protected":false},"excerpt":{"rendered":"Lundi, le num\u00e9ro un mondial Carlos Alcaraz a r\u00e9serv\u00e9 l\u2019une des plus grandes surprises de la saison \u00e0&hellip;\n","protected":false},"author":2,"featured_media":501535,"comment_status":"","ping_status":"","sticky":false,"template":"","format":"standard","meta":{"footnotes":""},"categories":[1415],"tags":[1011,27,60,1467],"class_list":{"0":"post-501534","1":"post","2":"type-post","3":"status-publish","4":"format-standard","5":"has-post-thumbnail","7":"category-tennis","8":"tag-fr","9":"tag-france","10":"tag-sports","11":"tag-tennis"},"share_on_mastodon":{"url":"https:\/\/pubeurope.com\/@fr\/115467124165033163","error":""},"_links":{"self":[{"href":"https:\/\/www.europesays.com\/fr\/wp-json\/wp\/v2\/posts\/501534","targetHints":{"allow":["GET"]}}],"collection":[{"href":"https:\/\/www.europesays.com\/fr\/wp-json\/wp\/v2\/posts"}],"about":[{"href":"https:\/\/www.europesays.com\/fr\/wp-json\/wp\/v2\/types\/post"}],"author":[{"embeddable":true,"href":"https:\/\/www.europesays.com\/fr\/wp-json\/wp\/v2\/users\/2"}],"replies":[{"embeddable":true,"href":"https:\/\/www.europesays.com\/fr\/wp-json\/wp\/v2\/comments?post=501534"}],"version-history":[{"count":0,"href":"https:\/\/www.europesays.com\/fr\/wp-json\/wp\/v2\/posts\/501534\/revisions"}],"wp:featuredmedia":[{"embeddable":true,"href":"https:\/\/www.europesays.com\/fr\/wp-json\/wp\/v2\/media\/501535"}],"wp:attachment":[{"href":"https:\/\/www.europesays.com\/fr\/wp-json\/wp\/v2\/media?parent=501534"}],"wp:term":[{"taxonomy":"category","embeddable":true,"href":"https:\/\/www.europesays.com\/fr\/wp-json\/wp\/v2\/categories?post=501534"},{"taxonomy":"post_tag","embeddable":true,"href":"https:\/\/www.europesays.com\/fr\/wp-json\/wp\/v2\/tags?post=501534"}],"curies":[{"name":"wp","href":"https:\/\/api.w.org\/{rel}","templated":true}]}}