{"id":501539,"date":"2025-10-31T05:32:12","date_gmt":"2025-10-31T05:32:12","guid":{"rendered":"https:\/\/www.europesays.com\/fr\/501539\/"},"modified":"2025-10-31T05:32:12","modified_gmt":"2025-10-31T05:32:12","slug":"la-main-sur-les-parties-genitales-michel-cymes-fait-une-triste-revelation-sur-son-adolescence","status":"publish","type":"post","link":"https:\/\/www.europesays.com\/fr\/501539\/","title":{"rendered":"\u00ab\u00a0La main sur les parties g\u00e9nitales\u00a0\u00bb : Michel Cymes fait une triste r\u00e9v\u00e9lation sur son adolescence"},"content":{"rendered":"<p>      R\u00e9sum\u00e9<\/p>\n<p>Michel Cymes a confi\u00e9 avoir \u00e9t\u00e9 victime d&rsquo;agressions sexuelles dans le m\u00e9tro durant son adolescence, un souvenir traumatisant qu&rsquo;il partage en lien avec ses projets actuels.<\/p>\n<p>        Sommaire<\/p>\n<p>Si <a href=\"https:\/\/vsd.fr\/tag\/michel-cymes\/\" target=\"_blank\" rel=\"noopener\">Michel Cymes<\/a> se fait plus discret sur le petit \u00e9cran, <a href=\"https:\/\/www.public.fr\/jen-ai-eu-assez-jai-debranche-michel-cymes-revient-sur-sa-rupture-davec-adriana-karembeu\" target=\"_blank\" rel=\"noopener\">l\u2019ancien acolyte d\u2019Adriana Karembeu<\/a> dans Les Pouvoirs extraordinaires du corps humain ne ch\u00f4me pas pour autant. En effet, il revient avec plusieurs projets qu\u2019il a d\u2019ailleurs \u00e9voqu\u00e9s lors de son passage dans le Buzz TV du Figaro.<\/p>\n<p>Ce jeudi 30 octobre 2025, le m\u00e9decin a r\u00e9pondu aux questions de Nicolas Vollaire et Damien Canivez. Il en a profit\u00e9 pour parler de son nouveau livre <strong>500 conseils pour booster votre capital sant\u00e9<\/strong>\u00a0aux \u00e9ditions Solar. Un ouvrage dans lequel les lecteurs vont pouvoir retrouver de nombreux\u00a0 conseils et astuces pour une bonne hygi\u00e8ne de vie.<\/p>\n<p>Les nouveaux projets de Michel Cymes<\/p>\n<p>Un livre qui va notamment parler des diff\u00e9rents chapitres le sommeil, l\u2019alimentation, la pr\u00e9vention ou encore l\u2019activit\u00e9 physique indispensable de nos jours. En effet, comme le constate Michel Cymes, nous faisons de moins en moins de sport et sommes de plus en plus s\u00e9dentaires. Un comportement qui peut entra\u00eener de nombreux probl\u00e8mes de sant\u00e9 : \u00ab\u00a0la s\u00e9dentarit\u00e9 est un vrai probl\u00e8me car elle entra\u00eene des probl\u00e8mes cardiovasculaires, de l\u2019ob\u00e9sit\u00e9, de l\u2019hypertension\u00a0\u00bb.<\/p>\n<p>Outre son livre, Michel Cymes est aussi \u00e0 retrouver depuis septembre, sur sa propre cha\u00eene d\u00e9di\u00e9e \u00e0 la sant\u00e9, disponible sur toutes les box, et va \u00e9galement monter sur le planches avec\u00a0la pi\u00e8ce qu\u2019il a co\u00e9crite,\u00a0Secret m\u00e9dical, \u00e0 retrouver au th\u00e9\u00e2tre Saint-Georges \u00e0 Paris.<\/p>\n<p>Un agenda bien charg\u00e9 pour le m\u00e9decin qui n\u2019a pas seulement connu des moments de joie durant son adolescence. En effet, au cours de son entretien dans le Buzz TV du Figaro, l\u2019ancien acolyte d\u2019<a href=\"https:\/\/www.public.fr\/tag\/adriana-karembeu\" target=\"_blank\" rel=\"noopener\">Adriana Karembeu<\/a> a r\u00e9v\u00e9l\u00e9 avoir \u00e9t\u00e9 victime de frotteurs durant son adolescence.\u00a0<\/p>\n<p>Le m\u00e9decin victime de \u00ab\u00a0frotteurs\u00a0\u00bb \u00e0 son adolescence<\/p>\n<p>Alors que nos confr\u00e8res \u00e9voquaient <a href=\"https:\/\/www.public.fr\/cest-officiel-tres-heureuse-diane-leyre-fait-une-grande-annonce\" target=\"_blank\" rel=\"noopener\">le cas de Diane Leyre<\/a> qui a d\u00e9nonc\u00e9 un homme beaucoup \u00ab\u00a0trop proche\u00a0\u00bb d\u2019elle dans le train, ils ont demand\u00e9 \u00e0 Michel Cymes si celui-ci avait d\u00e9j\u00e0 fait face \u00e0 une situation similaire.\u00a0<\/p>\n<p>\u00ab\u00a0Non\u00a0\u00bb, a-t-il reconnu dans un premier temps, avant de toutefois se souvenir : \u00ab\u00a0mais quand j&rsquo;\u00e9tais gamin, <strong>j&rsquo;ai eu droit, moi aussi, \u00e0 des frotteurs.<\/strong> Quand j&rsquo;ai \u00e9t\u00e9 adolescent dans le m\u00e9tro, des frotteurs, des mains, <strong>des types qui vous mettent la main sur les parties g\u00e9nitales<\/strong>, j&rsquo;ai eu \u00e7a, oui\u00a0\u00bb.<\/p>\n<p>Une r\u00e9v\u00e9lation qui n\u2019a pas manqu\u00e9 de choquer Nicolas Vollaire et Damien Canivez, qui ont cherch\u00e9 \u00e0 en savoir plus. \u00ab\u00a0<strong>Et c&rsquo;est traumatisant pour un gamin<\/strong> parce que vous n&rsquo;osez rien dire\u00a0\u00bb, a reconnu Michel Cymes. Avant de poursuivre : \u00ab\u00a0Et j&rsquo;allais pas, \u00e0 treize ans, commencer \u00e0 casser la gueule \u00e0 un adulte\u00a0\u00bb. \u00ab\u00a0Alors pas en danger vrai, parce que j&rsquo;ai jamais eu affaire \u00e0 quelqu&rsquo;un qui risquait de me tuer non. Mais \u00e7a reste une agression oui et puis vous \u00eates mal \u00e0 l&rsquo;aise hein. Vous \u00eates mal, fin, c&rsquo;est des souvenirs tr\u00e8s d\u00e9sagr\u00e9ables\u00a0\u00bb, a-t-il conclu, encore tr\u00e8s touch\u00e9.\u00a0<\/p>\n<p>\n          Hits &amp; People en continu\n        <\/p>\n<p>\n          Public Radio\n        <\/p>\n<p>      Mentionn\u00e9s dans cet article<\/p>\n<p>      Sur le m\u00eame sujet<\/p>\n","protected":false},"excerpt":{"rendered":"R\u00e9sum\u00e9 Michel Cymes a confi\u00e9 avoir \u00e9t\u00e9 victime d&rsquo;agressions sexuelles dans le m\u00e9tro durant son adolescence, un souvenir&hellip;\n","protected":false},"author":2,"featured_media":501540,"comment_status":"","ping_status":"","sticky":false,"template":"","format":"standard","meta":{"footnotes":""},"categories":[1359],"tags":[6382,58,59,1011,27,11712,973],"class_list":{"0":"post-501539","1":"post","2":"type-post","3":"status-publish","4":"format-standard","5":"has-post-thumbnail","7":"category-people","8":"tag-adriana-karembeu","9":"tag-divertissement","10":"tag-entertainment","11":"tag-fr","12":"tag-france","13":"tag-michel-cymes","14":"tag-people"},"share_on_mastodon":{"url":"https:\/\/pubeurope.com\/@fr\/115467147573422175","error":""},"_links":{"self":[{"href":"https:\/\/www.europesays.com\/fr\/wp-json\/wp\/v2\/posts\/501539","targetHints":{"allow":["GET"]}}],"collection":[{"href":"https:\/\/www.europesays.com\/fr\/wp-json\/wp\/v2\/posts"}],"about":[{"href":"https:\/\/www.europesays.com\/fr\/wp-json\/wp\/v2\/types\/post"}],"author":[{"embeddable":true,"href":"https:\/\/www.europesays.com\/fr\/wp-json\/wp\/v2\/users\/2"}],"replies":[{"embeddable":true,"href":"https:\/\/www.europesays.com\/fr\/wp-json\/wp\/v2\/comments?post=501539"}],"version-history":[{"count":0,"href":"https:\/\/www.europesays.com\/fr\/wp-json\/wp\/v2\/posts\/501539\/revisions"}],"wp:featuredmedia":[{"embeddable":true,"href":"https:\/\/www.europesays.com\/fr\/wp-json\/wp\/v2\/media\/501540"}],"wp:attachment":[{"href":"https:\/\/www.europesays.com\/fr\/wp-json\/wp\/v2\/media?parent=501539"}],"wp:term":[{"taxonomy":"category","embeddable":true,"href":"https:\/\/www.europesays.com\/fr\/wp-json\/wp\/v2\/categories?post=501539"},{"taxonomy":"post_tag","embeddable":true,"href":"https:\/\/www.europesays.com\/fr\/wp-json\/wp\/v2\/tags?post=501539"}],"curies":[{"name":"wp","href":"https:\/\/api.w.org\/{rel}","templated":true}]}}