{"id":501543,"date":"2025-10-31T05:35:28","date_gmt":"2025-10-31T05:35:28","guid":{"rendered":"https:\/\/www.europesays.com\/fr\/501543\/"},"modified":"2025-10-31T05:35:28","modified_gmt":"2025-10-31T05:35:28","slug":"myriam-palomba-fustige-cyril-hanouna-pascal-praud-et-christine-kelly","status":"publish","type":"post","link":"https:\/\/www.europesays.com\/fr\/501543\/","title":{"rendered":"Myriam Palomba fustige Cyril Hanouna, Pascal Praud et Christine Kelly"},"content":{"rendered":"<p>\n    La journaliste avait pour habitude d\u2019intervenir au sujet de faits divers dans \u00abTouche pas \u00e0 mon poste\u00a0!\u00bb sur C8. Elle crie aujourd\u2019hui haut et fort son aversion contre ses anciens confr\u00e8res.<\/p>\n<p class=\"fig-paragraph\">\u00abJe n\u2019en ai plus rien \u00e0 foutre\u00a0!\u00bb Le ton est donn\u00e9 dans le r\u00e9cent message post\u00e9 sur les r\u00e9seaux sociaux de\u00a0<a href=\"https:\/\/www.lefigaro.fr\/tag\/myriam-palomba\" target=\"_blank\" rel=\"noopener\" data-gtm-custom-categorie=\"navigation\" data-gtm-custom-action=\"crossclick\" data-gtm-custom-label=\"Contextuel\" data-gtm-event=\"customEventSPE\"><strong>Myriam Palomba<\/strong><\/a>, journaliste et ancienne intervenante dans\u00a0<a href=\"https:\/\/www.lefigaro.fr\/tag\/touche-pas-a-mon-poste\" target=\"_blank\" rel=\"sponsored noopener\" data-gtm-custom-categorie=\"navigation\" data-gtm-custom-action=\"crossclick\" data-gtm-custom-label=\"Contextuel\" data-gtm-event=\"customEventSPE\">\u00abTouche pas \u00e0 mon poste\u00a0!\u00bb<\/a>. La femme, qui se rendait sur le plateau de Cyril Hanouna essentiellement en qualit\u00e9 d\u2019experte people et faits divers lorsque l\u2019\u00e9mission \u00e9tait encore diffus\u00e9e sur\u00a0<a href=\"https:\/\/www.lefigaro.fr\/tag\/c8\" target=\"_blank\" rel=\"sponsored noopener\" data-gtm-custom-categorie=\"navigation\" data-gtm-custom-action=\"crossclick\" data-gtm-custom-label=\"Contextuel\" data-gtm-event=\"customEventSPE\">C8<\/a>, n\u2019a pas m\u00e2ch\u00e9 ses mots envers ses anciens coll\u00e8gues.<\/p>\n<p class=\"fig-paragraph\">Sur Twitter, la journaliste connue pour son franc-parler a d\u00e9clar\u00e9\u00a0: \u00abVous n\u2019\u00eates qu\u2019une sale bande de l\u00e2ches, vous les journalistes ou animateurs qui se prennent pour des grands rebelles, jouent les grandes gueules sur des plateaux TV, sans contradiction, devant des chroniqueurs faux jetons, qui ne la ram\u00e8neront jamais de peur de perdre leurs piges \u00e0 600 boules\u00a0!\u00a0\u00bb La raison de ce coup d\u2019\u00e9clat ce mercredi 29 octobre semble \u00eatre le proc\u00e8s pour cyberharc\u00e8lement contre Brigitte Macron, sur fond de ras-le-bol politique.<\/p>\n<p class=\"fig-body-link\">\n            \u00c0 lire aussi<br \/>\n        <a class=\"fig-body-link__link fig-premium-mark\" href=\"http:\/\/tvmag.lefigaro.fr\/programme-tv\/actu-tele\/panique-a-l-elysee-le-jour-ou-brigitte-macron-a-decouvert-qu-elle-avait-ete-renommee-jean-michel-sur-le-site-des-impots-20251025\" target=\"_blank\" data-fig-type=\"Article\" rel=\"noopener\" data-gtm-custom-categorie=\"navigation\" data-gtm-custom-action=\"crossclick\" data-gtm-custom-label=\"Contextuel\" data-gtm-event=\"customEventSPE\" data-fig-domain=\"TVMAG\"><\/p>\n<p>        \u00abPanique \u00e0 l\u2019\u00c9lys\u00e9e\u00bb\u00a0: le jour o\u00f9 Brigitte Macron a d\u00e9couvert qu\u2019elle s\u2019appelait Jean-Michel sur sa feuille d\u2019imp\u00f4ts<br \/>\n    <\/a>\n<\/p>\n<p>                                    <a class=\"fig-a11y-skip a11y-hidden\" href=\"#fig-a11y-skip-main-inarticle\"><br \/>\n        Passer la publicit\u00e9<br \/>\n    <\/a><\/p>\n<p class=\"fig-paragraph\">\u00abQue ce soit sur le service public, CNews, W9 ou autre m\u00e9dias minables, vous n\u2019\u00eates que des menteurs hypocrites, qui ne font que monter les Fran\u00e7ais les uns contre les autres pour prot\u00e9ger la Macronie\u00a0!\u00bb, a-t-elle accus\u00e9 avant de poursuivre en pointant du doigt les journalistes des cha\u00eenes cit\u00e9es\u00a0: \u00abJe vous ai tous entendu rire ou valider la th\u00e8se de la transexualit\u00e9 de BM (Brigitte Macron NDLR). Mais pour prot\u00e9ger votre petit cul de planqu\u00e9s, votre soif de c\u00e9l\u00e9brit\u00e9 et de fric, vous jouez aujourd\u2019hui lors de ce simulacre de proc\u00e8s pour cyberharc\u00e8lement, les bouffons du roi et de la reine qui ont d\u00e9truit la France.\u00bb<\/p>\n<p class=\"fig-paragraph\">Apr\u00e8s avoir qualifi\u00e9 les personnes vis\u00e9es de \u00abpetites merdes\u00bb, elle a continu\u00e9 d\u2019alimenter sa tirade. \u00abJe n\u2019ai pas peur de vous d\u00e9noncer car vous m\u2019avez tout pris. Mon taf, ma dignit\u00e9, m\u2019emp\u00eachant aujourd\u2019hui de travailler\u00a0! Vous \u00eates minables, \u00e9go\u00efstes, hypocrites ou juste incultes, d\u00e9biles\u00bb, a-t-elle vocif\u00e9r\u00e9 sans jamais citer de nom dans son texte. \u00c0 la fin de ces lignes teint\u00e9es d\u2019une col\u00e8re non dissimul\u00e9e, Myriam Palomba identifie trois animateurs\u00a0: Cyril Hanouna, op\u00e9rant \u00e0 pr\u00e9sent sur W9 avec \u00abTout Beau Tout N9uf\u00a0\u00bb, Pascal Praud pr\u00e9sentant entre autres \u00abL\u2019Heure des Pros\u00bb sur CNews et Europe 1, et enfin Christine Kelly, elle aussi sur CNews. Et de conclure\u00a0: \u00abVous mentez sciemment aux Fran\u00e7ais pour prot\u00e9ger ce syst\u00e8me qui d\u00e9truit notre d\u00e9mocratie, notre libert\u00e9 d\u2019expression et surtout met en danger nos enfants! Honte sur vous.\u00bb<\/p>\n<p class=\"fig-paragraph\">Les internautes n\u2019ont pas tard\u00e9 \u00e0 r\u00e9agir \u00e0 ce monologue, l\u2019accusant de surr\u00e9agir. \u00abTu t\u2019es fait lourder, tu ne l\u2019as pas dig\u00e9r\u00e9, et du coup tu es pr\u00eate \u00e0 toutes les calomnies\u00bb, \u00abCe n\u2019est pas parce que tu t\u2019es discr\u00e9dit\u00e9e toute seule comme une grande que tu dois en vouloir \u00e0 la Terre enti\u00e8re\u00a0!\u00bb, peut-on lire sur Twitter.<\/p>\n","protected":false},"excerpt":{"rendered":"La journaliste avait pour habitude d\u2019intervenir au sujet de faits divers dans \u00abTouche pas \u00e0 mon poste\u00a0!\u00bb sur&hellip;\n","protected":false},"author":2,"featured_media":501544,"comment_status":"","ping_status":"","sticky":false,"template":"","format":"standard","meta":{"footnotes":""},"categories":[1356],"tags":[26046,1083,58,59,1011,27,10160,252,1364],"class_list":{"0":"post-501543","1":"post","2":"type-post","3":"status-publish","4":"format-standard","5":"has-post-thumbnail","7":"category-television","8":"tag-christine-kelly","9":"tag-cyril-hanouna","10":"tag-divertissement","11":"tag-entertainment","12":"tag-fr","13":"tag-france","14":"tag-pascal-praud","15":"tag-television","16":"tag-tv"},"share_on_mastodon":{"url":"https:\/\/pubeurope.com\/@fr\/115467159205741098","error":""},"_links":{"self":[{"href":"https:\/\/www.europesays.com\/fr\/wp-json\/wp\/v2\/posts\/501543","targetHints":{"allow":["GET"]}}],"collection":[{"href":"https:\/\/www.europesays.com\/fr\/wp-json\/wp\/v2\/posts"}],"about":[{"href":"https:\/\/www.europesays.com\/fr\/wp-json\/wp\/v2\/types\/post"}],"author":[{"embeddable":true,"href":"https:\/\/www.europesays.com\/fr\/wp-json\/wp\/v2\/users\/2"}],"replies":[{"embeddable":true,"href":"https:\/\/www.europesays.com\/fr\/wp-json\/wp\/v2\/comments?post=501543"}],"version-history":[{"count":0,"href":"https:\/\/www.europesays.com\/fr\/wp-json\/wp\/v2\/posts\/501543\/revisions"}],"wp:featuredmedia":[{"embeddable":true,"href":"https:\/\/www.europesays.com\/fr\/wp-json\/wp\/v2\/media\/501544"}],"wp:attachment":[{"href":"https:\/\/www.europesays.com\/fr\/wp-json\/wp\/v2\/media?parent=501543"}],"wp:term":[{"taxonomy":"category","embeddable":true,"href":"https:\/\/www.europesays.com\/fr\/wp-json\/wp\/v2\/categories?post=501543"},{"taxonomy":"post_tag","embeddable":true,"href":"https:\/\/www.europesays.com\/fr\/wp-json\/wp\/v2\/tags?post=501543"}],"curies":[{"name":"wp","href":"https:\/\/api.w.org\/{rel}","templated":true}]}}