{"id":501555,"date":"2025-10-31T05:41:21","date_gmt":"2025-10-31T05:41:21","guid":{"rendered":"https:\/\/www.europesays.com\/fr\/501555\/"},"modified":"2025-10-31T05:41:21","modified_gmt":"2025-10-31T05:41:21","slug":"samsung-confirme-le-retour-des-exynos-sur-les-galaxy-s26","status":"publish","type":"post","link":"https:\/\/www.europesays.com\/fr\/501555\/","title":{"rendered":"Samsung confirme le retour des Exynos sur les Galaxy S26"},"content":{"rendered":"<p>Dans ses r\u00e9sultats financiers, Samsung indique que les Exynos seront pouss\u00e9s sur les haut de gamme de 2026. Les Galaxy S26 sont dans le viseur.<\/p>\n<p><a href=\"https:\/\/images.frandroid.com\/wp-content\/uploads\/2025\/10\/samsung-galaxy-s26-rendu-onleaks.jpg\" target=\"_blank\" class=\"article-content__figure\" rel=\"noopener\"><img fetchpriority=\"high\" decoding=\"async\" loading=\"eager\" width=\"1200\" height=\"675\" src=\"https:\/\/www.europesays.com\/fr\/wp-content\/uploads\/2025\/10\/samsung-galaxy-s26-rendu-onleaks.jpg\" alt=\"\" class=\"wp-image-2845801 wp-image wp-image\"  \/><\/a>Rendu 3D du Samsung Galaxy S26 \/\/ Source : OnLeaks et Android Authority<\/p>\n<p>Le feuilleton des puces Exynos sur <a href=\"https:\/\/www.frandroid.com\/guide-dachat\/386688_quels-smartphone-samsung-choisir-parmi-les-differentes-gammes-galaxy\" target=\"_blank\" rel=\"noopener\">les smartphones Samsung<\/a> conna\u00eet un nouveau rebondissement, et cette fois, l\u2019information ne provient pas d\u2019une simple rumeur. \u00c0 l\u2019occasion de la publication de ses r\u00e9sultats financiers, Samsung a officiellement annonc\u00e9 ses plans pour sa division \u00ab\u00a0System LSI\u00a0\u00bb, celle qui produit les processeurs Exynos.<\/p>\n<p>Dans le communiqu\u00e9, l\u2019entreprise pr\u00e9voit de \u00ab renforcer la comp\u00e9titivit\u00e9 du processeur Exynos pour les mod\u00e8les phares cl\u00e9s \u00bb en 2026. Il n\u2019en faut pas plus pour y voir la confirmation quasi officielle du retour de ces puces au c\u0153ur de la future gamme Galaxy S26, apr\u00e8s que le <a href=\"https:\/\/www.frandroid.com\/test\/2741075_test-samsung-galaxy-z-flip-7\" target=\"_blank\" rel=\"noopener\">Galaxy Z Flip 7 <\/a>a d\u00e9j\u00e0 op\u00e9r\u00e9 une transition vers l\u2019Exynos 2500 cette ann\u00e9e.<\/p>\n<p>L\u2019Exynos 2600 : la promesse du 2 nm<\/p>\n<p>Cette puce, logiquement baptis\u00e9e <strong>Exynos 2600<\/strong> devrait b\u00e9n\u00e9ficier d\u2019un proc\u00e9d\u00e9 de fabrication en <strong>2 nm<\/strong>. Ce saut technologique, par rapport \u00e0 l\u2019Exynos 2500 grav\u00e9 en 3 nm, promet des gains int\u00e9ressants en efficacit\u00e9 \u00e9nerg\u00e9tique et en performances soutenues avec un SoC qui chaufferait moins.<\/p>\n<p>Samsung semble confiant dans sa capacit\u00e9 \u00e0 redorer le blason de ses puces maison, souvent critiqu\u00e9es par le pass\u00e9 pour leur gestion de la chaleur et leur d\u00e9calage de performance face aux puces de Qualcomm. Des fuites de benchmarks sugg\u00e8rent d\u2019ailleurs que cet Exynos 2600 pourrait enfin rivaliser avec le <a href=\"https:\/\/www.frandroid.com\/marques\/qualcomm\/2807589_snapdragon-8-elite-gen-5-voici-la-puce-qui-va-propulser-les-meilleurs-smartphones-de-2026\" target=\"_blank\" rel=\"noopener\">Snapdragon 8 Elite Gen 5 <\/a>de Qualcomm.<\/p>\n<p>Lorsque Samsung utilise ses propres puces sur sa gamme S, le mod\u00e8le Ultra est traditionnellement trait\u00e9 diff\u00e9remment, embarquant la derni\u00e8re puce de Qualcomm \u00e0 chaque g\u00e9n\u00e9ration. Il n\u2019en serait pas de m\u00eame cette ann\u00e9e puisque le S26 Ultra serait lui aussi \u00e9quip\u00e9 en Exynos 2600. Un changement qui se ferait par r\u00e9gion. On dit que les \u00c9tats-Unis, le Japon et la Chine auraient un S26 Ultra en Snapdragon 8 Elite Gen 5.<\/p>\n<p>L\u2019IA et la photo \u00e9galement au programme<\/p>\n<p>L\u2019Exynos n\u2019est pas la seule nouveaut\u00e9 attendue pour cette g\u00e9n\u00e9ration qui s\u2019annonce chaotique avec <a href=\"https:\/\/www.frandroid.com\/marques\/samsung\/2848413_samsung-galaxy-s26-edge-annule-pas-si-vite-un-modele-more-slim-serait-en-preparation\" target=\"_blank\" rel=\"noopener\">l\u2019annulation du S26 Edge<\/a> et <a href=\"https:\/\/www.frandroid.com\/marques\/samsung\/2835765_cest-confirme-samsung-a-bien-remanie-ses-galaxy-s26-et-un-smartphone-en-remplace-un-autre\" target=\"_blank\" rel=\"noopener\">le retour du S26 Plus<\/a>. Lors d\u2019une intervention aupr\u00e8s des investisseurs, Daniel Araujo, vice-pr\u00e9sident de la division Mobile Experience (MX) de Samsung, a fait d\u2019autres promesses.<\/p>\n<p>Il a \u00e9voqu\u00e9 que la s\u00e9rie Galaxy S26 allait \u00ab r\u00e9volutionner l\u2019exp\u00e9rience utilisateur avec une IA de nouvelle g\u00e9n\u00e9ration \u00bb. Il a \u00e9galement confirm\u00e9 l\u2019arriv\u00e9e de \u00ab nouveaux capteurs photo \u00bb. Si le S26 Ultra ne b\u00e9n\u00e9ficierait que d\u2019une lentille plus lumineuse, les S26 et S26+ pourraient, selon les fuites pass\u00e9es, recevoir un capteur photo enti\u00e8rement neuf.<\/p>\n","protected":false},"excerpt":{"rendered":"Dans ses r\u00e9sultats financiers, Samsung indique que les Exynos seront pouss\u00e9s sur les haut de gamme de 2026.&hellip;\n","protected":false},"author":2,"featured_media":501556,"comment_status":"","ping_status":"","sticky":false,"template":"","format":"standard","meta":{"footnotes":""},"categories":[7],"tags":[1011,27,62365,60998,62366,60999,62367,51782,43,40,41,39,42,44],"class_list":{"0":"post-501555","1":"post","2":"type-post","3":"status-publish","4":"format-standard","5":"has-post-thumbnail","7":"category-sciences-et-technologies","8":"tag-fr","9":"tag-france","10":"tag-samsung-exynos-2600","11":"tag-samsung-galaxy-s26","12":"tag-samsung-galaxy-s26-edge","13":"tag-samsung-galaxy-s26-plus","14":"tag-samsung-galaxy-s26-pro","15":"tag-samsung-galaxy-s26-ultra","16":"tag-science","17":"tag-science-and-technology","18":"tag-sciences","19":"tag-sciences-et-technologies","20":"tag-technologies","21":"tag-technology"},"share_on_mastodon":{"url":"https:\/\/pubeurope.com\/@fr\/115467182701530751","error":""},"_links":{"self":[{"href":"https:\/\/www.europesays.com\/fr\/wp-json\/wp\/v2\/posts\/501555","targetHints":{"allow":["GET"]}}],"collection":[{"href":"https:\/\/www.europesays.com\/fr\/wp-json\/wp\/v2\/posts"}],"about":[{"href":"https:\/\/www.europesays.com\/fr\/wp-json\/wp\/v2\/types\/post"}],"author":[{"embeddable":true,"href":"https:\/\/www.europesays.com\/fr\/wp-json\/wp\/v2\/users\/2"}],"replies":[{"embeddable":true,"href":"https:\/\/www.europesays.com\/fr\/wp-json\/wp\/v2\/comments?post=501555"}],"version-history":[{"count":0,"href":"https:\/\/www.europesays.com\/fr\/wp-json\/wp\/v2\/posts\/501555\/revisions"}],"wp:featuredmedia":[{"embeddable":true,"href":"https:\/\/www.europesays.com\/fr\/wp-json\/wp\/v2\/media\/501556"}],"wp:attachment":[{"href":"https:\/\/www.europesays.com\/fr\/wp-json\/wp\/v2\/media?parent=501555"}],"wp:term":[{"taxonomy":"category","embeddable":true,"href":"https:\/\/www.europesays.com\/fr\/wp-json\/wp\/v2\/categories?post=501555"},{"taxonomy":"post_tag","embeddable":true,"href":"https:\/\/www.europesays.com\/fr\/wp-json\/wp\/v2\/tags?post=501555"}],"curies":[{"name":"wp","href":"https:\/\/api.w.org\/{rel}","templated":true}]}}