{"id":501576,"date":"2025-10-31T05:53:11","date_gmt":"2025-10-31T05:53:11","guid":{"rendered":"https:\/\/www.europesays.com\/fr\/501576\/"},"modified":"2025-10-31T05:53:11","modified_gmt":"2025-10-31T05:53:11","slug":"il-ne-reste-que-quelques-places-pour-le-fckg-halloween-ce-samedi","status":"publish","type":"post","link":"https:\/\/www.europesays.com\/fr\/501576\/","title":{"rendered":"il ne reste que quelques places pour le FCKG Halloween ce samedi"},"content":{"rendered":"<p>\nLa plus grande soir\u00e9e techno du 31 octobre de France, le FCKG Halloween, revient ce samedi \u00e0 Montpellier.<\/p>\n<p>\n\u00a9 FCKG Halloween \/ Rendez-vous ce samedi 31 octobre.<\/p>\n<p>Comme chaque ann\u00e9e le <strong>FCKG Halloween,<\/strong> plus grande soir\u00e9e <strong>techno<\/strong> de la f\u00eate de l\u2019horreur en France, investit au Z\u00e9nith Sud de <strong><a href=\"https:\/\/infoccitanie.fr\/tag\/montpellier\/\" rel=\"nofollow noopener\" target=\"_blank\">Montpellier<\/a><\/strong>. Spectacle son et lumi\u00e8re, d\u00e9guisements horrifiques et \u00e9videmment musique envo\u00fbtante sont au programme, <strong>de 21h30 \u00e0 4h45 <\/strong>du matin. C\u00f4t\u00e9 programmation, <strong>sept DJs<\/strong> ont r\u00e9pondu pr\u00e9sent :<\/p>\n<ul class=\"wp-block-list\">\n<li>Hortense de Beauharnais<\/li>\n<li>ESKHA<\/li>\n<li>HOLY PRIEST<\/li>\n<li>El Desperado<\/li>\n<li>Vortek\u2019s<\/li>\n<li>Sk\u00f6ne<\/li>\n<li>Protokseed<\/li>\n<\/ul>\n<p>Il ne reste que quelques places pour assister \u00e0 l\u2019\u00e9v\u00e9nement, affich\u00e9es au tarif de <strong>57,75 euros<\/strong>. Pour acheter votre ticket, <strong><a href=\"https:\/\/shotgun.live\/fr\/festivals\/fckg-halloween-2025-zenith-sud\" target=\"_blank\" rel=\"nofollow noopener\">cliquez ici<\/a><\/strong>.<\/p>\n","protected":false},"excerpt":{"rendered":"La plus grande soir\u00e9e techno du 31 octobre de France, le FCKG Halloween, revient ce samedi \u00e0 Montpellier.&hellip;\n","protected":false},"author":2,"featured_media":501577,"comment_status":"","ping_status":"","sticky":false,"template":"","format":"standard","meta":{"footnotes":""},"categories":[9599],"tags":[1111,11,1777,674,1011,27,20815,2208,12,2680,25],"class_list":{"0":"post-501576","1":"post","2":"type-post","3":"status-publish","4":"format-standard","5":"has-post-thumbnail","7":"category-montpellier","8":"tag-actu","9":"tag-actualites","10":"tag-eu","11":"tag-europe","12":"tag-fr","13":"tag-france","14":"tag-halloween","15":"tag-montpellier","16":"tag-news","17":"tag-occitanie","18":"tag-republique-francaise"},"share_on_mastodon":{"url":"https:\/\/pubeurope.com\/@fr\/115467229870870713","error":""},"_links":{"self":[{"href":"https:\/\/www.europesays.com\/fr\/wp-json\/wp\/v2\/posts\/501576","targetHints":{"allow":["GET"]}}],"collection":[{"href":"https:\/\/www.europesays.com\/fr\/wp-json\/wp\/v2\/posts"}],"about":[{"href":"https:\/\/www.europesays.com\/fr\/wp-json\/wp\/v2\/types\/post"}],"author":[{"embeddable":true,"href":"https:\/\/www.europesays.com\/fr\/wp-json\/wp\/v2\/users\/2"}],"replies":[{"embeddable":true,"href":"https:\/\/www.europesays.com\/fr\/wp-json\/wp\/v2\/comments?post=501576"}],"version-history":[{"count":0,"href":"https:\/\/www.europesays.com\/fr\/wp-json\/wp\/v2\/posts\/501576\/revisions"}],"wp:featuredmedia":[{"embeddable":true,"href":"https:\/\/www.europesays.com\/fr\/wp-json\/wp\/v2\/media\/501577"}],"wp:attachment":[{"href":"https:\/\/www.europesays.com\/fr\/wp-json\/wp\/v2\/media?parent=501576"}],"wp:term":[{"taxonomy":"category","embeddable":true,"href":"https:\/\/www.europesays.com\/fr\/wp-json\/wp\/v2\/categories?post=501576"},{"taxonomy":"post_tag","embeddable":true,"href":"https:\/\/www.europesays.com\/fr\/wp-json\/wp\/v2\/tags?post=501576"}],"curies":[{"name":"wp","href":"https:\/\/api.w.org\/{rel}","templated":true}]}}