{"id":501578,"date":"2025-10-31T05:54:09","date_gmt":"2025-10-31T05:54:09","guid":{"rendered":"https:\/\/www.europesays.com\/fr\/501578\/"},"modified":"2025-10-31T05:54:09","modified_gmt":"2025-10-31T05:54:09","slug":"limage-a-oissel-une-voiture-finit-sur-le-flanc-apres-un-accident-ou-est-le-conducteur","status":"publish","type":"post","link":"https:\/\/www.europesays.com\/fr\/501578\/","title":{"rendered":"L&rsquo;IMAGE. \u00c0 Oissel, une voiture finit sur le flanc apr\u00e8s un accident : o\u00f9 est le conducteur\u00a0?"},"content":{"rendered":"<p>            Par<br \/>\n        <strong><br \/>\n            <a href=\"https:\/\/actu.fr\/auteur\/julien-bouteiller\" title=\"Consulter tous les articles de Julien Bouteiller\" rel=\"nofollow noopener\" target=\"_blank\">Julien Bouteiller<\/a><br \/>\n        <\/strong><\/p>\n<p>        Publi\u00e9 le<\/p>\n<p>            31 oct. 2025 \u00e0 6h29        <\/p>\n<p><strong>L\u2019image est impressionnante.<\/strong> Jeudi 30 octobre 2025, dans la soir\u00e9e, un conducteur a eu un accident de la route \u00e0 <a href=\"https:\/\/actu.fr\/normandie\/oissel_76484\" rel=\"nofollow noopener\" target=\"_blank\">Oissel<\/a>, pr\u00e8s de Rouen. <strong>Est-il bless\u00e9 ?<\/strong> On l\u2019ignore car il a pris la fuite.<\/p>\n<p>La voiture finit sur le flanc<\/p>\n<p class=\" wall-content\">D\u2019apr\u00e8s des t\u00e9moignages, l\u2019homme roulait \u00e0 tr\u00e8s vive allure <strong>sur l\u2019avenue du G\u00e9n\u00e9ral De Gaulle<\/strong>, qui traverse Oissel, aux alentours de 18h45.\u00a0<\/p>\n<p class=\" wall-content\">Dans des circonstances qui restent encore \u00e0 d\u00e9terminer, il a visiblement perdu le contr\u00f4le, son v\u00e9hicule se retrouvant<strong> retourn\u00e9 sur le flanc, en pleine voie.<\/strong><\/p>\n<p class=\" wall-content\">Comme nous le confirme le Service d\u00e9partemental d\u2019incendie et de secours, aucune victime n\u2019a \u00e9t\u00e9 prise en charge puisque le conducteur a pris la fuite apr\u00e8s l\u2019accident. Son v\u00e9hicule a \u00e9t\u00e9 r\u00e9cup\u00e9r\u00e9 par un garage de permanence.<\/p>\n<p>Suivez l\u2019actualit\u00e9 de Rouen <a href=\"https:\/\/www.whatsapp.com\/channel\/0029VaKfnf99hXF2ddApFB1D\" rel=\"nofollow noopener\" target=\"_blank\">sur notre cha\u00eene WhatsApp<\/a> et <a href=\"https:\/\/www.tiktok.com\/@76actu.fr?lang=fr\" rel=\"nofollow noopener\" target=\"_blank\">sur notre compte TikTok<\/a><\/p>\n<p class=\" wall-content\">Personnalisez votre actualit\u00e9 en ajoutant vos villes et m\u00e9dias en favori avec <a href=\"https:\/\/moncompte.actu.fr\" title=\"D\u00e9couvez Mon Actu\" rel=\"nofollow noopener\" data-trk=\"{&quot;cta&quot;:{&quot;action&quot;:&quot;https:\\\/\\\/moncompte.actu.fr&quot;,&quot;category&quot;:&quot;mon compte&quot;,&quot;from&quot;:&quot;article footer&quot;,&quot;name&quot;:&quot;Mon actu&quot;,&quot;type&quot;:&quot;cta&quot;}}\" target=\"_blank\">Mon Actu<\/a>.<\/p>\n<p>                    <script async src=\"\/\/www.tiktok.com\/embed.js\"><\/script><\/p>\n","protected":false},"excerpt":{"rendered":"Par Julien Bouteiller Publi\u00e9 le 31 oct. 2025 \u00e0 6h29 L\u2019image est impressionnante. Jeudi 30 octobre 2025, dans&hellip;\n","protected":false},"author":2,"featured_media":501579,"comment_status":"","ping_status":"","sticky":false,"template":"","format":"standard","meta":{"footnotes":""},"categories":[9587],"tags":[119,1111,11,1777,674,118,1011,27,12,5161,1311,25,9590],"class_list":{"0":"post-501578","1":"post","2":"type-post","3":"status-publish","4":"format-standard","5":"has-post-thumbnail","7":"category-rouen","8":"tag-accident","9":"tag-actu","10":"tag-actualites","11":"tag-eu","12":"tag-europe","13":"tag-faits-divers","14":"tag-fr","15":"tag-france","16":"tag-news","17":"tag-normandie","18":"tag-pompiers","19":"tag-republique-francaise","20":"tag-rouen"},"share_on_mastodon":{"url":"https:\/\/pubeurope.com\/@fr\/115467233731843206","error":""},"_links":{"self":[{"href":"https:\/\/www.europesays.com\/fr\/wp-json\/wp\/v2\/posts\/501578","targetHints":{"allow":["GET"]}}],"collection":[{"href":"https:\/\/www.europesays.com\/fr\/wp-json\/wp\/v2\/posts"}],"about":[{"href":"https:\/\/www.europesays.com\/fr\/wp-json\/wp\/v2\/types\/post"}],"author":[{"embeddable":true,"href":"https:\/\/www.europesays.com\/fr\/wp-json\/wp\/v2\/users\/2"}],"replies":[{"embeddable":true,"href":"https:\/\/www.europesays.com\/fr\/wp-json\/wp\/v2\/comments?post=501578"}],"version-history":[{"count":0,"href":"https:\/\/www.europesays.com\/fr\/wp-json\/wp\/v2\/posts\/501578\/revisions"}],"wp:featuredmedia":[{"embeddable":true,"href":"https:\/\/www.europesays.com\/fr\/wp-json\/wp\/v2\/media\/501579"}],"wp:attachment":[{"href":"https:\/\/www.europesays.com\/fr\/wp-json\/wp\/v2\/media?parent=501578"}],"wp:term":[{"taxonomy":"category","embeddable":true,"href":"https:\/\/www.europesays.com\/fr\/wp-json\/wp\/v2\/categories?post=501578"},{"taxonomy":"post_tag","embeddable":true,"href":"https:\/\/www.europesays.com\/fr\/wp-json\/wp\/v2\/tags?post=501578"}],"curies":[{"name":"wp","href":"https:\/\/api.w.org\/{rel}","templated":true}]}}