{"id":501582,"date":"2025-10-31T06:00:10","date_gmt":"2025-10-31T06:00:10","guid":{"rendered":"https:\/\/www.europesays.com\/fr\/501582\/"},"modified":"2025-10-31T06:00:10","modified_gmt":"2025-10-31T06:00:10","slug":"que-faire-a-rennes-ce-week-end-du-01-novembre-au-02-novembre-2025","status":"publish","type":"post","link":"https:\/\/www.europesays.com\/fr\/501582\/","title":{"rendered":"Que faire \u00e0 Rennes ce week-end du 01 novembre au 02 novembre 2025 ?"},"content":{"rendered":"<p>Sortir \u00e0 Rennes le samedi 01 novembre<a href=\"https:\/\/www.letelegramme.fr\/api\/gotourl\/bevt\/2779114\/\" target=\"_blank\" rel=\"noopener\"><br \/>\n        Spectacle\u00a0: \u00ab\u00a0Le Voyage de Charlie\u00a0\u00bb<br \/>\n        <\/a><\/p>\n<p>\n        Spectacle jeune public (\u00e0 partir de 3 ans) par la CompagnieNum\u00e9roDix. Exploration, voyage et rencontre. Et aujourd\u2019hui tout devient possible puisque Charlie f\u00eate son anniversaire. Au cours de cette folle aventure remplie de rires, Charlie va rencontrer des personnages aussi loufoques qu\u2019attachants qui lui permettront de d\u00e9couvrir l\u2019amiti\u00e9, l\u2019entraide, la bienveillance, la confiance en l\u2019autre et la confiance en soi. Charlie parviendra-t-elle \u00e0 d\u00e9couvrir qui elle est vraiment et \u00e0 accomplir son souhait le plus cher : devenir une Exploratrice ?\n        <\/p>\n<p><a href=\"https:\/\/www.letelegramme.fr\/api\/gotourl\/bevt\/2913501\/\" target=\"_blank\" rel=\"noopener\"><br \/>\n        Les femmes s\u2019en m\u00ealent\u00a0: concert de Baby volcano et Maddy street<br \/>\n        <\/a><\/p>\n<p>\n        Tout public. Baby Volcano chante en fran\u00e7ais, en anglais et en espagno et travaille autant le son que l\u2019image pour donner naissance \u00e0 un monde \u00e9trange qui m\u00eale reggaeton exp\u00e9rimental et electro-pop latina. Maddy Street propose un registre au croisement de la pop, du rock, de l\u2019electro et du rap (en fran\u00e7ais comme en anglais). Billetterie sur le site des Trans.\n        <\/p>\n<p><a href=\"https:\/\/www.letelegramme.fr\/api\/gotourl\/bevt\/2910682\/\" target=\"_blank\" rel=\"noopener\"><br \/>\n        Exposition\u00a0: \u00ab\u00a0L\u2019homme qui vole\u00a0\u00bb, mobile d\u2019Herv\u00e9 Walbecq<br \/>\n        <\/a><\/p>\n<p>\n        En \u00e9cho au Poisson qui vivait dans les arbres, Herv\u00e9 Walbecq revient avec ce mobile XXL install\u00e9 sous le puits de lumi\u00e8re du hall du Triangle. Avec cette immersion po\u00e9tique et d\u00e9cal\u00e9e dans l\u2019espace, c\u2019est un bestiaire tout droit sorti des souvenirs d\u2019Herv\u00e9 qui s\u2019articule devant les yeux des visiteurs.\n        <\/p>\n<p><a href=\"https:\/\/www.letelegramme.fr\/api\/gotourl\/bevt\/3017464\/\" target=\"_blank\" rel=\"noopener\"><br \/>\n        Exposition de Carole Rivalin\u00a0: \u00ab\u00a0TuTTi fruTTi\u00a0\u00bb<br \/>\n        <\/a><\/p>\n<p>\n        Nouvelle exposition o\u00f9 elle s\u2019\u00e9loigne des \u0153uvres sur papier et des interventions murales pour s\u2019aventurer dans des compositions plus proches du tableau.\n        <\/p>\n<p><a href=\"https:\/\/www.letelegramme.fr\/api\/gotourl\/bevt\/3047980\/\" target=\"_blank\" rel=\"noopener\"><br \/>\n        Exposition\u00a0: Faire corps<br \/>\n        <\/a><\/p>\n<p>\n        Dans le cadre du festival Glaz, rencontres internationales de la photographie de Rennes, dont l\u2019\u00e9dition 2025 explore les liens entre actes d\u2019amour et de r\u00e9bellion, L\u2019Imagerie centre d\u2019art et de photographie \u00e0 Lannion, s\u2019associe au Frac Bretagne pour une exposition construite \u00e0 partir de leurs collections photographiques. Cette proposition r\u00e9unit des \u0153uvres de 17 artistes de diff\u00e9rentes nationalit\u00e9s qui interrogent les mani\u00e8res de se relier les uns aux autres.\n        <\/p>\n<p>L&rsquo;agenda des loisirs<\/p>\n<p class=\"moveInBrittany__text\" style=\"color:#fff\">\n            Festivals, expositions, visites, conf\u00e9rences, &#8230;\n          <\/p>\n<p>Sortir \u00e0 Rennes le dimanche 02 novembre<a href=\"https:\/\/www.letelegramme.fr\/api\/gotourl\/bevt\/3042058\/\" target=\"_blank\" rel=\"noopener\"><br \/>\n        Exposition\u00a0: Elles &#8211; Leurs droits, notre histoire<br \/>\n        <\/a><\/p>\n<p>\n        Pour plonger dans le quotidien des Bretilliennes, du XIXe si\u00e8cle \u00e0 nos jours. \u00ab Elles. Leurs droits, notre histoire. Les Bretilliennes s\u2019\u00e9mancipent (XIX-XXe si\u00e8cles) \u00bb retrace l\u2019histoire de l\u2019\u00e9mancipation f\u00e9minine et l\u2019impact que la conqu\u00eate des droits a eu sur le quotidien des femmes d\u2019Ille-et-Vilaine. Fermeture le premier lundi de chaque mois et jours f\u00e9ri\u00e9s. Ouverture exceptionnelle : dimanche 26 octobre, dimanche 30 novembre, dimanches 1er f\u00e9vrier et 8 mars 2026 de 14 h 30 \u00e0 18 h.\n        <\/p>\n<p><a href=\"https:\/\/www.letelegramme.fr\/api\/gotourl\/bevt\/3051172\/\" target=\"_blank\" rel=\"noopener\"><br \/>\n        Exposition Jurastic\u00a0: un voyage dans l\u2019histoire de l\u2019informatique<br \/>\n        <\/a><\/p>\n<p>\n        Propos\u00e9es \u00e0 l\u2019occasion du cinquantenaire de l\u2019Institut de recherche en informatique et syst\u00e8mes al\u00e9atoires, cette exposition et ses animations rendront nostalgiques les adultes, tandis qu\u2019elles feront d\u00e9couvrir un autre monde aux plus jeunes. L\u2019occasion de d\u00e9couvrir le r\u00f4le des chercheurs de l\u2019un des plus grands et plus anciens laboratoires de France depuis 1975.\n        <\/p>\n<p><a href=\"https:\/\/www.letelegramme.fr\/api\/gotourl\/bevt\/3051215\/\" target=\"_blank\" rel=\"noopener\"><br \/>\n        Foire aux disques<br \/>\n        <\/a><\/p>\n<p>\n        Organis\u00e9e par Banana Juice et Les Enrag\u00e9s Prod : 80 exposants de toute la France avec disques, CD et vinyles, pour tous les styles et pour tous les budgets. Restauration sur place.\n        <\/p>\n<p><a href=\"https:\/\/www.letelegramme.fr\/api\/gotourl\/bevt\/3068663\/\" target=\"_blank\" rel=\"noopener\"><br \/>\n        Pommes &amp; cidres avec \u00ab\u00a0La Vilaine, Route des cidres\u00a0\u00bb<br \/>\n        <\/a><\/p>\n<p>\n        March\u00e9 des producteurs, d\u00e9gustations de cidre chaud et accords fromages et cidres, vente de semences et plants par trois p\u00e9pini\u00e9ristes, d\u00e9monstration du pressurage traditionnel des pommes, atelier culinaire et balade par l\u2019historienne Marie Casset La pomme de l\u2019Antiquit\u00e9 et au Moyen \u00c2ge.\n        <\/p>\n<p><a href=\"https:\/\/www.letelegramme.fr\/api\/gotourl\/bevt\/3076371\/\" target=\"_blank\" rel=\"noopener\"><br \/>\n        Mois du doc\u00a0: \u00ab\u00a0L\u2019Arbre de l\u2019authenticit\u00e9\u00a0\u00bb<br \/>\n        <\/a><\/p>\n<p>\n        Ce film de Sammy Baloji retrace la destruction \u00e9cologique amorc\u00e9e pendant la colonisation belge. Au c\u0153ur de la for\u00eat congolaise, les vestiges de la station de recherche Yangambi Inera, d\u00e9di\u00e9e \u00e0 l\u2019agriculture tropicale, r\u00e9v\u00e8lent le poids du pass\u00e9 colonial et ses liens avec le changement climatique actuel.\n        <\/p>\n<p><\/p>\n","protected":false},"excerpt":{"rendered":"Sortir \u00e0 Rennes le samedi 01 novembre Spectacle\u00a0: \u00ab\u00a0Le Voyage de Charlie\u00a0\u00bb Spectacle jeune public (\u00e0 partir de&hellip;\n","protected":false},"author":2,"featured_media":6963,"comment_status":"","ping_status":"","sticky":false,"template":"","format":"standard","meta":{"footnotes":""},"categories":[2821],"tags":[1111,11,829,1777,674,1011,27,12,3907,584,25],"class_list":{"0":"post-501582","1":"post","2":"type-post","3":"status-publish","4":"format-standard","5":"has-post-thumbnail","7":"category-rennes","8":"tag-actu","9":"tag-actualites","10":"tag-bretagne","11":"tag-eu","12":"tag-europe","13":"tag-fr","14":"tag-france","15":"tag-news","16":"tag-que-faire","17":"tag-rennes","18":"tag-republique-francaise"},"share_on_mastodon":{"url":"https:\/\/pubeurope.com\/@fr\/115467258226422764","error":""},"_links":{"self":[{"href":"https:\/\/www.europesays.com\/fr\/wp-json\/wp\/v2\/posts\/501582","targetHints":{"allow":["GET"]}}],"collection":[{"href":"https:\/\/www.europesays.com\/fr\/wp-json\/wp\/v2\/posts"}],"about":[{"href":"https:\/\/www.europesays.com\/fr\/wp-json\/wp\/v2\/types\/post"}],"author":[{"embeddable":true,"href":"https:\/\/www.europesays.com\/fr\/wp-json\/wp\/v2\/users\/2"}],"replies":[{"embeddable":true,"href":"https:\/\/www.europesays.com\/fr\/wp-json\/wp\/v2\/comments?post=501582"}],"version-history":[{"count":0,"href":"https:\/\/www.europesays.com\/fr\/wp-json\/wp\/v2\/posts\/501582\/revisions"}],"wp:featuredmedia":[{"embeddable":true,"href":"https:\/\/www.europesays.com\/fr\/wp-json\/wp\/v2\/media\/6963"}],"wp:attachment":[{"href":"https:\/\/www.europesays.com\/fr\/wp-json\/wp\/v2\/media?parent=501582"}],"wp:term":[{"taxonomy":"category","embeddable":true,"href":"https:\/\/www.europesays.com\/fr\/wp-json\/wp\/v2\/categories?post=501582"},{"taxonomy":"post_tag","embeddable":true,"href":"https:\/\/www.europesays.com\/fr\/wp-json\/wp\/v2\/tags?post=501582"}],"curies":[{"name":"wp","href":"https:\/\/api.w.org\/{rel}","templated":true}]}}