{"id":501585,"date":"2025-10-31T06:02:12","date_gmt":"2025-10-31T06:02:12","guid":{"rendered":"https:\/\/www.europesays.com\/fr\/501585\/"},"modified":"2025-10-31T06:02:12","modified_gmt":"2025-10-31T06:02:12","slug":"interroger-la-place-de-lunion-europeenne-dans-le-monde","status":"publish","type":"post","link":"https:\/\/www.europesays.com\/fr\/501585\/","title":{"rendered":"interroger la place de l\u2019Union europ\u00e9enne dans le monde"},"content":{"rendered":"<p>\u00ab L\u2019ordre international issu de la Seconde Guerre mondiale, bas\u00e9 notamment sur le primat des Droits de l\u2019homme et un d\u00e9veloppement \u00e9quilibr\u00e9 du commerce international, est aujourd\u2019hui remis en question. Avec <a href=\"https:\/\/www.dna.fr\/politique\/2025\/10\/31\/politique\/2025\/01\/19\/donald-trump-promet-de-bouleverser-le-pays-avec-un-nombre-record-de-decrets\" target=\"_blank\" rel=\"nofollow noopener\">l\u2019administration Trump<\/a> et <a href=\"https:\/\/www.dna.fr\/politique\/2025\/10\/31\/politique\/2024\/05\/07\/vladimir-poutine-a-prete-serment-pour-son-cinquieme-mandat-de-president\" target=\"_blank\" rel=\"nofollow noopener\">l\u2019administration Poutine<\/a> c\u2019est la loi du plus fort qui tend \u00e0 r\u00e9gir les relations internationales. Parall\u00e8lement la mont\u00e9e des tensions g\u00e9opolitiques et les remises en cause internes du mod\u00e8le d\u00e9mocratique soulignent l\u2019\u00e9rosion de l\u2019influence exerc\u00e9e par l\u2019Union europ\u00e9enne \u00bb, analyse le consultant strat\u00e9gique Guillaume Klossa, 52 ans, pr\u00e9sident du laboratoire d\u2019id\u00e9es EuropaNova, qu\u2019il a cofond\u00e9 en 2003 avec <a href=\"https:\/\/www.dna.fr\/politique\/2025\/10\/31\/politique\/2013\/04\/25\/enrico-letta-pourra-t-il-vraiment-gouverner\" target=\"_blank\" rel=\"nofollow noopener\">Enrico Letta, l\u2019ancien pr\u00e9sident du conseil italien<\/a>.<\/p>\n<p>Fort de ce constat, celui qui fut conseiller sp\u00e9cial du <a href=\"https:\/\/www.dna.fr\/actualite\/2014\/06\/27\/jean-claude-juncker-designe-president-de-la-commission-europeenne\" target=\"_blank\" rel=\"nofollow noopener\">pr\u00e9sident de la Commission europ\u00e9enne Jean-Claude Juncker<\/a> , s\u2019est r\u00e9solu, au retour d\u2019un d\u00e9placement \u00e0 Strasbourg dans le cadre du 80e anniversaire de Lib\u00e9ration de la ville, \u00e0 lancer un d\u00e9bat transpartisan \u00ab sur la puissance et la souverainet\u00e9 dont l\u2019Europe a besoin pour continuer d\u2019exercer une influence dans le monde et d\u00e9fendre les int\u00e9r\u00eats de ses citoyens \u00bb. Son association EuropaNova a pour cela convaincu pr\u00e8s d\u2019une centaine de personnalit\u00e9s fran\u00e7aises et europ\u00e9ennes du monde de la politique, de l\u2019entreprise, de la culture et de la soci\u00e9t\u00e9 civile, \u00e0 se r\u00e9unir les 26 et 27 novembre prochains dans la capitale alsacienne \u00ab pour repenser le r\u00f4le de l\u2019Europe un monde en plein bouleversement \u00bb.<\/p>\n<p>  Trois anciens commissaires europ\u00e9ens parmi les participants<\/p>\n<p>Parmi les personnalit\u00e9s ayant accept\u00e9 de copr\u00e9sider et de participer \u00e0 la conf\u00e9rence, baptis\u00e9e \u00ab Europa Power Initiative \u00bb, figurent les anciens commissaires europ\u00e9ens <a href=\"https:\/\/www.dna.fr\/politique\/2018\/10\/24\/la-preference-europeenne\" target=\"_blank\" rel=\"nofollow noopener\">Margrethe Verstager<\/a> , Mariya Gabriel et Nicolas Schmit, la pr\u00e9sidente de la Conf\u00e9d\u00e9ration europ\u00e9enne des syndicats Esther Lynch, le patron du lobby de l\u2019industrie europ\u00e9enne Jean-Fran\u00e7ois van Boxmeer et le philosophe Slavoj Zizek. \u00ab Pour nous \u00e9clairer il y aura aussi des personnalit\u00e9s non-europ\u00e9ennes comme Henry-Paul Rousseau, le d\u00e9l\u00e9gu\u00e9 g\u00e9n\u00e9ral du Qu\u00e9bec \u00e0 Paris, et Bahadir Kaleagasi, pr\u00e9sident de l\u2019Institut du Bosphore. La maire de Strasbourg, les pr\u00e9sidents de la R\u00e9gion Grand Est et de Collectivit\u00e9 europ\u00e9enne d\u2019Alsace, ainsi que des acteurs \u00e9conomiques et universitaires alsaciens seront \u00e9galement des n\u00f4tres \u00bb, pr\u00e9cise Guillaume Klossa.<\/p>\n<p>La session d\u2019ouverture se tiendra dans l\u2019aula du Palais universitaire. Le second jour, des groupes de r\u00e9flexion doivent s\u2019y r\u00e9unir avant la s\u00e9ance de cl\u00f4ture qui aura lieu dans l\u2019h\u00e9micycle du <a href=\"https:\/\/www.dna.fr\/p\/parlement-europeen\" target=\"_blank\" rel=\"nofollow noopener\">Parlement europ\u00e9en<\/a> (*). <\/p>\n<p>  \u00ab Le droit et la coop\u00e9ration doivent l\u2019emporter sur le chaos et la force brute \u00bb<\/p>\n<p>\u00ab Il s\u2019agira d\u2019identifier les questions cl\u00e9s qu\u2019il s\u2019agit de mettre d\u2019urgence \u00e0 l\u2019agenda pour acc\u00e9l\u00e9rer la transformation de l\u2019Union europ\u00e9enne tout en lan\u00e7ant le d\u00e9bat sur le type de puissance dont le monde a besoin pour r\u00e9pondre aux enjeux communs. On d\u00e9finira \u00e9galement les orientations de la d\u00e9claration collective qui sera publi\u00e9e avant le conseil europ\u00e9en de mi-d\u00e9cembre \u00bb, r\u00e9sume le pr\u00e9sident d\u2019EuropaNova pour qui \u00ab le droit et la coop\u00e9ration doivent l\u2019emporter sur le chaos et la force brute \u00bb.<\/p>\n<p>Cette rencontre, poursuit-il, \u00ab doit d\u00e9boucher sur la constitution d\u2019un r\u00e9seau d\u2019acteurs, qui relaieront le d\u00e9bat dans leurs pays respectifs \u00bb. Elle doit \u00e9galement permettre d\u2019installer \u00e0 Strasbourg un forum annuel sur la puissance et la souverainet\u00e9 europ\u00e9ennes. \u00ab On vise le m\u00eame standing que la Conf\u00e9rence de Munich sur la s\u00e9curit\u00e9 d\u00e8s la premi\u00e8re \u00e9dition qui devrait avoir lieu en novembre 2026 \u00bb.<\/p>\n<p>Cet \u00e9v\u00e9nement, plac\u00e9 sous le patronage du pr\u00e9sident de la R\u00e9publique, n\u2019est pas le premier initi\u00e9 par EuropaNova dans la capitale alsacienne. En avril 2010, EuropaNova y avait coorganis\u00e9 avec <a href=\"https:\/\/www.dna.fr\/elections\/2023\/10\/07\/universite-d-automne-a-strasbourg\" target=\"_blank\" rel=\"nofollow noopener\">le Mouvement europ\u00e9en<\/a> et l\u2019Institut Jacques-Delors la troisi\u00e8me \u00e9dition des \u00c9tats g\u00e9n\u00e9raux de l\u2019Europe, un rassemblement de la soci\u00e9t\u00e9 civile qui s\u2019est tenu au palais des congr\u00e8s \u00e0 l\u2019occasion du 60e anniversaire de la <a href=\"https:\/\/european-union.europa.eu\/principles-countries-history\/history-eu\/1945-59\/schuman-declaration-may-1950_fr\" target=\"_blank\" rel=\"nofollow noopener\">D\u00e9claration Schuman<\/a>.<\/p>\n<p class=\"note\">* Les sessions du 26 novembre et du 27 novembre (apr\u00e8s-midi) sont ouvertes au public sur inscription (www.billetweb.fr\/europa-power-initiative)<\/p>\n","protected":false},"excerpt":{"rendered":"\u00ab L\u2019ordre international issu de la Seconde Guerre mondiale, bas\u00e9 notamment sur le primat des Droits de l\u2019homme&hellip;\n","protected":false},"author":2,"featured_media":501586,"comment_status":"","ping_status":"","sticky":false,"template":"","format":"standard","meta":{"footnotes":""},"categories":[2820],"tags":[1111,11,2389,2649,2880,1777,674,107,1011,27,775,12,316,25,640,2879],"class_list":{"0":"post-501585","1":"post","2":"type-post","3":"status-publish","4":"format-standard","5":"has-post-thumbnail","7":"category-strasbourg","8":"tag-actu","9":"tag-actualites","10":"tag-alsace","11":"tag-bas-rhin","12":"tag-edition-strasbourg","13":"tag-eu","14":"tag-europe","15":"tag-fil-info","16":"tag-fr","17":"tag-france","18":"tag-grand-est","19":"tag-news","20":"tag-politique","21":"tag-republique-francaise","22":"tag-strasbourg","23":"tag-strasbourg-ville"},"share_on_mastodon":{"url":"","error":""},"_links":{"self":[{"href":"https:\/\/www.europesays.com\/fr\/wp-json\/wp\/v2\/posts\/501585","targetHints":{"allow":["GET"]}}],"collection":[{"href":"https:\/\/www.europesays.com\/fr\/wp-json\/wp\/v2\/posts"}],"about":[{"href":"https:\/\/www.europesays.com\/fr\/wp-json\/wp\/v2\/types\/post"}],"author":[{"embeddable":true,"href":"https:\/\/www.europesays.com\/fr\/wp-json\/wp\/v2\/users\/2"}],"replies":[{"embeddable":true,"href":"https:\/\/www.europesays.com\/fr\/wp-json\/wp\/v2\/comments?post=501585"}],"version-history":[{"count":0,"href":"https:\/\/www.europesays.com\/fr\/wp-json\/wp\/v2\/posts\/501585\/revisions"}],"wp:featuredmedia":[{"embeddable":true,"href":"https:\/\/www.europesays.com\/fr\/wp-json\/wp\/v2\/media\/501586"}],"wp:attachment":[{"href":"https:\/\/www.europesays.com\/fr\/wp-json\/wp\/v2\/media?parent=501585"}],"wp:term":[{"taxonomy":"category","embeddable":true,"href":"https:\/\/www.europesays.com\/fr\/wp-json\/wp\/v2\/categories?post=501585"},{"taxonomy":"post_tag","embeddable":true,"href":"https:\/\/www.europesays.com\/fr\/wp-json\/wp\/v2\/tags?post=501585"}],"curies":[{"name":"wp","href":"https:\/\/api.w.org\/{rel}","templated":true}]}}