{"id":501591,"date":"2025-10-31T06:05:15","date_gmt":"2025-10-31T06:05:15","guid":{"rendered":"https:\/\/www.europesays.com\/fr\/501591\/"},"modified":"2025-10-31T06:05:15","modified_gmt":"2025-10-31T06:05:15","slug":"la-prefecture-donne-raison-aux-elus-ecologistes-le-vote-lors-du-conseil-municipal-na-pas-de-base-legale","status":"publish","type":"post","link":"https:\/\/www.europesays.com\/fr\/501591\/","title":{"rendered":"la pr\u00e9fecture donne raison aux \u00e9lus \u00e9cologistes, le vote lors du conseil municipal n\u2019a pas de base l\u00e9gale"},"content":{"rendered":"<p class=\"fs-5 \">Va-t-il un jour exister ? Le parvis Nicolas-Sarkozy du futur h\u00f4tel des polices de Nice, qui fait couler beaucoup d\u2019encre depuis un mois, pourrait bien ne jamais voir le jour. C\u2019est en tout cas le souhait des \u00e9lus d\u2019opposition dugroupe \u00e9cologiste, \u00e0 qui la pr\u00e9fecture a donn\u00e9 raison hier.<\/p>\n<p class=\"fs-5 \">Rembobinons. <a href=\"https:\/\/www.nicematin.com\/societe\/vie-locale\/christian-estrosi-evoque-son-parvis-nicolas-sarkozy-au-conseil-municipal-de-nice-avec-louis-sarkozy-dans-le-public-10650072\" rel=\"nofollow noopener\" target=\"_blank\">Lors du dernier conseil municipal, le 1er octobre 2025, le maire Christian Estrosi avait fait adopter un v\u0153u<\/a>  dans l\u2019optique de donner \u00e0 cet espace public le nom de Nicolas Sarkozy, aujourd\u2019hui incarc\u00e9r\u00e9. <a href=\"https:\/\/www.nicematin.com\/societe\/vie-locale\/le-parvis-de-l-hotel-des-polices-de-nice-portera-le-nom-de-nicolas-sarkozy-selon-christian-estrosi-10649584\" rel=\"nofollow noopener\" target=\"_blank\">Une id\u00e9e sortie du chapeau de l\u2019\u00e9dile le 29 septembre,<\/a> partag\u00e9e sur son compte X (ex-Twitter), alors que l\u2019ancien pr\u00e9sident de la R\u00e9publique venait d\u2019\u00eatre condamn\u00e9 \u00e0 cinq ans de prison pour association de malfaiteurs dans le dossier du financement libyen.<\/p>\n<p>            <img src=\"https:\/\/www.europesays.com\/fr\/wp-content\/uploads\/2025\/10\/1761561314_896_adf0ae3_upload-from-url-1-3dxcet7ln9k6-data-art-16463145.jpg\"   loading=\"lazy\" decoding=\"async\" alt=\"Des militants ont manifest\u00e9 ce mardi contre le projet de parvis Sarkozy \u00e0 Nice. \" class=\"img-fluid position-absolute w-100 object-fit-cover rounded-2\" width=\"600\" height=\"400\"\/><\/p>\n<p class=\"fs-5 \">Mais tout cela est-il bien l\u00e9gal ? \u00c0 l\u2019issue dudit conseil municipal, Juliette Chesnel-Le Roux, cheffe de file de l\u2019opposition \u00e9cologiste au maire de Nice et candidate aux \u00e9lections municipales sur une liste d\u2019alliance avec le PS et le PCF, <strong>avait saisi le pr\u00e9fet des Alpes-Maritimes. Pour demander tout bonnement \u00e0 Laurent Hottiaux d\u2019annuler cette d\u00e9cision.<\/strong> Car selon elle, ce v\u0153u \u2013 qui n\u2019\u00e9tait pas \u00e0 l\u2019ordre du jour \u2013 ne peut remplacer une d\u00e9lib\u00e9ration en bonne et due forme.<\/p>\n<p>                                                                                Plusieurs manifestations organis\u00e9es<\/p>\n<p class=\"fs-5 \">\u00ab Christian Estrosi avait pr\u00e9cis\u00e9 que ce v\u0153u serait une d\u00e9cision ex\u00e9cutoire une fois transmise au contr\u00f4le de l\u00e9galit\u00e9 et qu\u2019il n\u2019\u00e9tait pas n\u00e9cessaire de la confirmer par le biais d\u2019une d\u00e9lib\u00e9ration \u00bb, avait-elle alors fait valoir au repr\u00e9sentant de l\u2019\u00c9tat. Ajoutant, sur le fond : \u00ab La d\u00e9cision <strong>d\u2019attribuer le nom d\u2019une personnalit\u00e9 condamn\u00e9e d\u00e9finitivement pour des atteintes \u00e0 la probit\u00e9 est de nature \u00e0 provoquer des troubles \u00e0 l\u2019ordre public<\/strong>, \u00e0 heurter la sensibilit\u00e9 des personnes et \u00e0 porter atteinte \u00e0 l\u2019image de la ville. \u00bb<\/p>\n<p class=\"fs-5 \">Depuis, plusieurs manifestations ont \u00e9t\u00e9 organis\u00e9es pour d\u00e9noncer l\u2019id\u00e9e du maire de Nice, tandis que <a href=\"https:\/\/www.nicematin.com\/societe\/justice\/le-ministre-de-la-justice-gerald-darmanin-a-rendu-visite-a-nicolas-sarkozy-mercredi-soir-a-la-prison-de-la-sante-10654635\" rel=\"nofollow noopener\" target=\"_blank\">Nicolas Sarkozy a \u00e9t\u00e9 incarc\u00e9r\u00e9 \u00e0 la prison de la Sant\u00e9 le 27 octobre<\/a>. Une id\u00e9e alternative a \u00e9galement fait son bonhomme de chemin : C\u00e9lia Viale et Thierry Vimal, deux victimes de l\u2019attaque terroriste du 14 juillet 2016 sur la promenade des Anglais, ont propos\u00e9 de baptiser le futur parvis du m\u00e9ga-commissariat \u00ab Esplanade du 14-Juillet-2016 \u00bb, en hommage aux victimes. \u00ab Ce serait d\u00e9cent et respectueux \u00bb, avancent-ils. Une proposition appuy\u00e9e par l\u2019ensemble de la gauche azur\u00e9enne.<\/p>\n<p>            <img src=\"https:\/\/www.europesays.com\/fr\/wp-content\/uploads\/2025\/10\/1761631273_163_6268110_ftp-import-images-1-uvk8auvo9r1w-nicxxq2216viale.jpg\"   loading=\"lazy\" decoding=\"async\" alt=\"C\u00e9lia Viale et Thierry Vimal demandent \u00e0 la Ville de ne pas baptiser le parvis de l\u2019h\u00f4tel des polices \u00ab Nicolas-Sarkozy \u00bb, mais \u00ab Esplanade du 14-Juillet-2016 \u00bb.\" class=\"img-fluid position-absolute w-100 object-fit-cover rounded-2\" width=\"600\" height=\"400\"\/><\/p>\n<p>                                                                                \u00ab La ville de Nice ne doit pas tomber dans l\u2019indignit\u00e9 \u00bb<\/p>\n<p class=\"fs-5 \">Le groupe des \u00e9lus \u00e9cologistes d\u2019opposition au conseil municipal a repris la balle au bond et s\u2019appr\u00eate \u00e0 pr\u00e9senter, au prochain conseil municipal, un v\u0153u en ce sens. Arguant que Nicolas Sarkozy a \u00e9t\u00e9 condamn\u00e9 en premi\u00e8re instance \u00ab notamment pour des faits li\u00e9s \u00e0 des \u00e9changes avec des terroristes libyens, commanditaires de l\u2019attentat du DC-10 d\u2019UTA ayant caus\u00e9 la mort de 170 personnes, dont 54 citoyens fran\u00e7ais. [&#8230;] Les familles des victimes [des attentats de Nice du 14 juillet 2016 et du 29 octobre 2020] ont exprim\u00e9 leur profonde inqui\u00e9tude face \u00e0 toute initiative tendant \u00e0 glorifier une personnalit\u00e9 politique r\u00e9cemment condamn\u00e9e, estimant qu\u2019un tel geste serait per\u00e7u comme une blessure suppl\u00e9mentaire pour celles et ceux qui ont d\u00e9j\u00e0 pay\u00e9 le plus lourd tribut \u00e0 la violence terroriste. \u00bb Ajoutant, laconiquement : <strong>\u00ab La ville de Nice ne doit pas tomber dans l\u2019indignit\u00e9. \u00bb<\/strong><\/p>\n<p class=\"fs-5 \"><a href=\"https:\/\/www.nicematin.com\/faits-divers\/nicolas-sarkozy-ou-14-juillet-2016-donnez-votre-avis-sur-le-nom-du-parvis-du-futur-hotel-des-polices-de-nice-10654542\" rel=\"nofollow noopener\" target=\"_blank\">Nice-Matin a par ailleurs lanc\u00e9 une consultation en ligne, ce jeudi 30 octobre en d\u00e9but de journ\u00e9e, pour savoir laquelle des deux appellations avait la pr\u00e9f\u00e9rence des Ni\u00e7ois<\/a>. En milieu d\u2019apr\u00e8s-midi, plus de 2560 personnes avaient d\u00e9j\u00e0 particip\u00e9 \u00e0 ce vote : l\u2019initiative du maire ne recueillait alors que 8,5 % des suffrages, contre 91,5 % pour l\u2019\u00ab Esplanade 14-Juillet-2016 \u00bb.<\/p>\n","protected":false},"excerpt":{"rendered":"Va-t-il un jour exister ? Le parvis Nicolas-Sarkozy du futur h\u00f4tel des polices de Nice, qui fait couler&hellip;\n","protected":false},"author":2,"featured_media":501592,"comment_status":"","ping_status":"","sticky":false,"template":"","format":"standard","meta":{"footnotes":""},"categories":[2819],"tags":[1111,11,1777,674,1011,27,3434,12,2401,882,25],"class_list":{"0":"post-501591","1":"post","2":"type-post","3":"status-publish","4":"format-standard","5":"has-post-thumbnail","7":"category-nice","8":"tag-actu","9":"tag-actualites","10":"tag-eu","11":"tag-europe","12":"tag-fr","13":"tag-france","14":"tag-municipales-2026","15":"tag-news","16":"tag-nice","17":"tag-provence-alpes-cote-dazur","18":"tag-republique-francaise"},"share_on_mastodon":{"url":"https:\/\/pubeurope.com\/@fr\/115467277536275834","error":""},"_links":{"self":[{"href":"https:\/\/www.europesays.com\/fr\/wp-json\/wp\/v2\/posts\/501591","targetHints":{"allow":["GET"]}}],"collection":[{"href":"https:\/\/www.europesays.com\/fr\/wp-json\/wp\/v2\/posts"}],"about":[{"href":"https:\/\/www.europesays.com\/fr\/wp-json\/wp\/v2\/types\/post"}],"author":[{"embeddable":true,"href":"https:\/\/www.europesays.com\/fr\/wp-json\/wp\/v2\/users\/2"}],"replies":[{"embeddable":true,"href":"https:\/\/www.europesays.com\/fr\/wp-json\/wp\/v2\/comments?post=501591"}],"version-history":[{"count":0,"href":"https:\/\/www.europesays.com\/fr\/wp-json\/wp\/v2\/posts\/501591\/revisions"}],"wp:featuredmedia":[{"embeddable":true,"href":"https:\/\/www.europesays.com\/fr\/wp-json\/wp\/v2\/media\/501592"}],"wp:attachment":[{"href":"https:\/\/www.europesays.com\/fr\/wp-json\/wp\/v2\/media?parent=501591"}],"wp:term":[{"taxonomy":"category","embeddable":true,"href":"https:\/\/www.europesays.com\/fr\/wp-json\/wp\/v2\/categories?post=501591"},{"taxonomy":"post_tag","embeddable":true,"href":"https:\/\/www.europesays.com\/fr\/wp-json\/wp\/v2\/tags?post=501591"}],"curies":[{"name":"wp","href":"https:\/\/api.w.org\/{rel}","templated":true}]}}