{"id":501607,"date":"2025-10-31T06:14:16","date_gmt":"2025-10-31T06:14:16","guid":{"rendered":"https:\/\/www.europesays.com\/fr\/501607\/"},"modified":"2025-10-31T06:14:16","modified_gmt":"2025-10-31T06:14:16","slug":"a-marseille-pour-la-toussaint-apres-un-uber-des-cimetieres-des-voiturettes-de-golf","status":"publish","type":"post","link":"https:\/\/www.europesays.com\/fr\/501607\/","title":{"rendered":"\u00c0 Marseille, pour la Toussaint, apr\u00e8s un \u00ab\u00a0Uber des cimeti\u00e8res\u00a0\u00bb, des voiturettes de golf ?"},"content":{"rendered":"<p>C&rsquo;est une premi\u00e8re qui peut en annoncer une autre. \u00c0 l&rsquo;occasion de la Toussaint &#8211; la f\u00eate de tous les Saints dans l&rsquo;\u00e9glise catholique &#8211; des minibus de 7 \u00e0 8 places et des berlines ont \u00e9t\u00e9 mis \u00e0 disposition des visiteurs dans les cimeti\u00e8res par la Ville de Marseille. Si l&rsquo;exp\u00e9rimentation fait ses preuves, l&rsquo;adjoint aux cimeti\u00e8res, Hattab Fadhla, veut mettre en place des voiturettes de golf dans les cimeti\u00e8res Saint-Pierre (5e) et Vaudrans (12e) pour faciliter les d\u00e9placements \u00e0 l&rsquo;ann\u00e9e entre les entr\u00e9es et les tombes.\u00a0<\/p>\n<p>Des mini bus gratuits pour la Toussaint<\/p>\n<p>Colette, ext\u00e9nu\u00e9e apr\u00e8s avoir parcouru plusieurs all\u00e9es du cimeti\u00e8re Saint-Pierre, est enfin \u00ab\u00a0devant son ex mari, pour lui faire un &lsquo;coucou&rsquo; \u00e0 l&rsquo;occasion de la Toussaint\u00a0\u00bb, dit-elle. Le 2 novembre de chaque ann\u00e9e, lendemain de la f\u00eate de la Toussaint, les catholiques prient en effet pour les d\u00e9funts en se rendant, comme cette ancienne boulang\u00e8re dans le quartier de Saint-Tronc (10e), sur les tombes de leurs proches disparus. Face \u00e0 Colette, Esther, animatrice en Ehpad, affiche une mine superbe au dessus d&rsquo;un bouquet de lys jaunes qu&rsquo;elle tient \u00e0 deux mains. \u00ab\u00a0J&rsquo;ai pris le bus\u00a0\u00bb, justifie-t-elle comme si elle allait au march\u00e9, tandis qu&rsquo;un chauffeur l&rsquo;aide \u00e0 ouvrir la porte coulissante d&rsquo;un minibus. \u00ab\u00a0J&rsquo;ai toujours h\u00e9sit\u00e9 \u00e0 <a href=\"https:\/\/www.laprovence.com\/article\/faits-divers-justice\/58892150171066\/chute-mortelle-au-cimetiere-saint-pierre-a-marseille-le-juge-ne-permet-pas-la-cremation-mais-autorise-l-inhumation\" target=\"_blank\" rel=\"noopener\">faire le d\u00e9placement jusqu&rsquo;\u00e0 la tombe<\/a> de ma grand-m\u00e8re parce qu&rsquo;elle est \u00e0 l&rsquo;autre bout de l&rsquo;entr\u00e9e. L\u00e0, j&rsquo;ai juste \u00e0 attendre quelques minutes avant le d\u00e9part, je pointe du doigt la direction et on y va en roulant au pas\u00a0\u00bb, pr\u00e9cise-t-elle. La municipalit\u00e9 a cibl\u00e9 les plus grands cimeti\u00e8res pour proposer ce service : une berline au cimeti\u00e8re Vaudrans, un minibus au cimeti\u00e8re du Canet, et deux minibus au <a href=\"https:\/\/www.laprovence.com\/article\/region\/2446675291011\/au-cimetiere-saint-pierre-de-marseille-le-mysterieux-vol-de-la-dalle-dun-caveau-familial\" target=\"_blank\" rel=\"noopener\">cimeti\u00e8re Saint Pierre<\/a>.<\/p>\n<p>Des voiturettes de golf pour apaiser la circulation dans les cimeti\u00e8res<\/p>\n<p>Si l&rsquo;exp\u00e9rimentation fait ses preuves et incite \u00e0 d\u00e9velopper une solution alternative \u00e0 la voiture, jug\u00e9e dangereuse dans certaines all\u00e9es \u00e9troites, \u00ab\u00a0des voiturettes de golf pourraient \u00eatre propos\u00e9s aux visiteurs des cimeti\u00e8res <a href=\"https:\/\/www.laprovence.com\/article\/societe\/7242794755523914\/la-regie-municipale-des-pompes-funebres-va-se-rapprocher-du-cimetiere-saint-pierre-a-marseille\" target=\"_blank\" rel=\"noopener\">Saint-Pierre<\/a> et Vaudrans\u00a0\u00bb, annonce Hattab Fadhla. \u00ab\u00a0On a eu une r\u00e9flexion avec les services et les \u00e9quipes du cr\u00e9matorium de Marseille, et tout l&rsquo;enjeu \u00e9tait de prendre soin des d\u00e9placements des personnes \u00e2g\u00e9es qui viennent se recueillir, plut\u00f4t qu&rsquo;elles prennent le volant, pour \u00e9viter un climat de dangerosit\u00e9 sur les routes\u00a0\u00bb des cimeti\u00e8res, justifie-t-il. Pour les plus grands uniquement, des petites voitures blanches sont envisag\u00e9es mais \u00ab\u00a0le frein principal est l&#8217;embauche d&rsquo;une \u00e9quipe de conducteurs, davantage que de passer commande des v\u00e9hicules eux-m\u00eames, faciles \u00e0 trouver\u00a0\u00bb, nuance Hattab Fadhla. Pour les cimeti\u00e8res de plus petite taille, l&rsquo;exp\u00e9rimentation des v\u00e9hicules classiques sera renouvel\u00e9e pour la prochaine Toussaint. Le service est propos\u00e9 de 9h \u00e0 midi et de 13h30 \u00e0 17h, au d\u00e9part de l&rsquo;entr\u00e9e principale des cimeti\u00e8res qui en sont \u00e9quip\u00e9s. Pour ce qui est des voiturettes de golf, \u00ab\u00a0elles seraient propos\u00e9es quant \u00e0 elles apr\u00e8s une prise de rendez-vous en amont, soit par t\u00e9l\u00e9phone soit sur internet\u00a0\u00bb, compl\u00e8te l&rsquo;\u00e9lu.<\/p>\n<p>Toutes les informations sur la page internet : <a href=\"https:\/\/www.marseille.fr\/decouvrir-marseille\/patrimoines-et-monuments\/cimetieres\" target=\"_blank\" rel=\"noopener\">marseille.fr\/decouvrir-marseille\/patrimoines-et-monuments\/cimetieres<\/a><\/p>\n","protected":false},"excerpt":{"rendered":"C&rsquo;est une premi\u00e8re qui peut en annoncer une autre. \u00c0 l&rsquo;occasion de la Toussaint &#8211; la f\u00eate de&hellip;\n","protected":false},"author":2,"featured_media":501608,"comment_status":"","ping_status":"","sticky":false,"template":"","format":"standard","meta":{"footnotes":""},"categories":[2814],"tags":[17,1111,11,150,28381,154,1777,674,1011,27,884,12,471,882,25,104,10919,13016],"class_list":{"0":"post-501607","1":"post","2":"type-post","3":"status-publish","4":"format-standard","5":"has-post-thumbnail","7":"category-marseille","8":"tag-17","9":"tag-actu","10":"tag-actualites","11":"tag-apres","12":"tag-cimetieres","13":"tag-des","14":"tag-eu","15":"tag-europe","16":"tag-fr","17":"tag-france","18":"tag-marseille","19":"tag-news","20":"tag-pour","21":"tag-provence-alpes-cote-dazur","22":"tag-republique-francaise","23":"tag-societe","24":"tag-toussaint","25":"tag-uber"},"share_on_mastodon":{"url":"https:\/\/pubeurope.com\/@fr\/115467312445948108","error":""},"_links":{"self":[{"href":"https:\/\/www.europesays.com\/fr\/wp-json\/wp\/v2\/posts\/501607","targetHints":{"allow":["GET"]}}],"collection":[{"href":"https:\/\/www.europesays.com\/fr\/wp-json\/wp\/v2\/posts"}],"about":[{"href":"https:\/\/www.europesays.com\/fr\/wp-json\/wp\/v2\/types\/post"}],"author":[{"embeddable":true,"href":"https:\/\/www.europesays.com\/fr\/wp-json\/wp\/v2\/users\/2"}],"replies":[{"embeddable":true,"href":"https:\/\/www.europesays.com\/fr\/wp-json\/wp\/v2\/comments?post=501607"}],"version-history":[{"count":0,"href":"https:\/\/www.europesays.com\/fr\/wp-json\/wp\/v2\/posts\/501607\/revisions"}],"wp:featuredmedia":[{"embeddable":true,"href":"https:\/\/www.europesays.com\/fr\/wp-json\/wp\/v2\/media\/501608"}],"wp:attachment":[{"href":"https:\/\/www.europesays.com\/fr\/wp-json\/wp\/v2\/media?parent=501607"}],"wp:term":[{"taxonomy":"category","embeddable":true,"href":"https:\/\/www.europesays.com\/fr\/wp-json\/wp\/v2\/categories?post=501607"},{"taxonomy":"post_tag","embeddable":true,"href":"https:\/\/www.europesays.com\/fr\/wp-json\/wp\/v2\/tags?post=501607"}],"curies":[{"name":"wp","href":"https:\/\/api.w.org\/{rel}","templated":true}]}}