{"id":50161,"date":"2025-04-24T21:39:23","date_gmt":"2025-04-24T21:39:23","guid":{"rendered":"https:\/\/www.europesays.com\/fr\/50161\/"},"modified":"2025-04-24T21:39:23","modified_gmt":"2025-04-24T21:39:23","slug":"reservez-vos-places-pour-lopera-live-du-15-mai","status":"publish","type":"post","link":"https:\/\/www.europesays.com\/fr\/50161\/","title":{"rendered":"R\u00e9servez vos places pour l\u2019Op\u00e9ra Live du 15 mai"},"content":{"rendered":"<p>Vous souhaitez vivre la magie d\u2019un op\u00e9ra pr\u00e8s de chez vous\u00a0? Bonne nouvelle, P\u00e9v\u00e8le Carembault participe \u00e0 l\u2019\u00e9v\u00e9nement \u00ab\u00a0Op\u00e9ra Live\u00a0\u00bb.\u00a0<strong>Le jeudi 15 mai, \u00e0 20h, assistez \u00e0 la retransmission en direct sur grand \u00e9cran de Faust\u00a0(1859), de Charles Gounod, depuis le cin\u00e9ma Le Foyer de Thumeries.\u00a0<\/strong><\/p>\n<p>       <img decoding=\"async\" src=\"https:\/\/www.europesays.com\/fr\/wp-content\/uploads\/2025\/04\/491951314_681526437580261_5244742196903027411_n.jpg\" alt=\"\"\/><\/p>\n<p>            Vivez la magie de l\u2019op\u00e9ra pr\u00e8s de chez vous !<\/p>\n<p>L\u2019Op\u00e9ra de Lille sort de ses murs pour vous offrir une exp\u00e9rience unique : la retransmission en direct sur grand \u00e9cran de <strong>Faust<\/strong>, un chef-d\u2019\u0153uvre de Charles Gounod, au cin\u00e9ma Le Foyer de Thumeries.<\/p>\n<p><strong>Faust<\/strong>, inspir\u00e9 de l&rsquo;\u0153uvre de Goethe, est un op\u00e9ra en quatre actes pr\u00e9c\u00e9d\u00e9s d\u2019un prologue, d\u2019une dur\u00e9e d\u2019environ 3h30 avec entracte. Chant\u00e9, parl\u00e9 et surtitr\u00e9 en fran\u00e7ais, il vous plongera dans une histoire intemporelle o\u00f9 le vieux Faust, en qu\u00eate de jeunesse, pactise avec M\u00e9phistoph\u00e9l\u00e8s. Mais l\u2019amour de Marguerite et la puissance divine viendront contrarier les plans du diable.<\/p>\n<p>Peu d\u2019op\u00e9ras ont connu un succ\u00e8s aussi retentissant que <strong>Faust<\/strong> de Gounod. Depuis sa premi\u00e8re repr\u00e9sentation, il a conquis les sc\u00e8nes du monde entier, devenant l\u2019op\u00e9ra fran\u00e7ais le plus jou\u00e9 apr\u00e8s Carmen. Entre la ronde d\u00e9moniaque du Veau d\u2019or et Marguerite admirant sa beaut\u00e9 dans un miroir, cet op\u00e9ra vous invite \u00e0 savourer tous les exc\u00e8s et \u00e0 vous enivrer de musique, sans risquer la damnation.<\/p>\n<p>Denis Podalyd\u00e8s, metteur en sc\u00e8ne, voit dans cette \u0153uvre \u00ab un op\u00e9ra fondamentalement anti-puritain dans un monde puritain \u00bb, soulignant ses ambigu\u00eft\u00e9s et son hypocrisie structurelle typique du Second Empire. En utilisant les dialogues parl\u00e9s de Jules Barbier, pr\u00e9sents d\u00e8s la cr\u00e9ation en 1859, il met en lumi\u00e8re toutes les nuances de cette \u0153uvre intemporelle.<\/p>\n<p><strong>Ne manquez pas cette occasion unique !<\/strong> R\u00e9servez d\u00e8s maintenant vos places en ligne et vivez une soir\u00e9e inoubliable.<\/p>\n<p><strong>Un partenariat avec l&rsquo;Op\u00e9ra de Lille et le soutien du Cr\u00e9dit Mutuel.<\/strong><\/p>\n","protected":false},"excerpt":{"rendered":"Vous souhaitez vivre la magie d\u2019un op\u00e9ra pr\u00e8s de chez vous\u00a0? Bonne nouvelle, P\u00e9v\u00e8le Carembault participe \u00e0 l\u2019\u00e9v\u00e9nement&hellip;\n","protected":false},"author":2,"featured_media":50162,"comment_status":"","ping_status":"","sticky":false,"template":"","format":"standard","meta":{"footnotes":""},"categories":[2815],"tags":[1111,11,650,1777,674,14267,1011,27,811,1307,820,12,7165,25,14266],"class_list":{"0":"post-50161","1":"post","2":"type-post","3":"status-publish","4":"format-standard","5":"has-post-thumbnail","7":"category-lille","8":"tag-actu","9":"tag-actualites","10":"tag-cinema","11":"tag-eu","12":"tag-europe","13":"tag-foyer","14":"tag-fr","15":"tag-france","16":"tag-hauts-de-france","17":"tag-lille","18":"tag-live","19":"tag-news","20":"tag-opera","21":"tag-republique-francaise","22":"tag-thumeries"},"share_on_mastodon":{"url":"https:\/\/pubeurope.com\/@fr\/114395110748427778","error":""},"_links":{"self":[{"href":"https:\/\/www.europesays.com\/fr\/wp-json\/wp\/v2\/posts\/50161","targetHints":{"allow":["GET"]}}],"collection":[{"href":"https:\/\/www.europesays.com\/fr\/wp-json\/wp\/v2\/posts"}],"about":[{"href":"https:\/\/www.europesays.com\/fr\/wp-json\/wp\/v2\/types\/post"}],"author":[{"embeddable":true,"href":"https:\/\/www.europesays.com\/fr\/wp-json\/wp\/v2\/users\/2"}],"replies":[{"embeddable":true,"href":"https:\/\/www.europesays.com\/fr\/wp-json\/wp\/v2\/comments?post=50161"}],"version-history":[{"count":0,"href":"https:\/\/www.europesays.com\/fr\/wp-json\/wp\/v2\/posts\/50161\/revisions"}],"wp:featuredmedia":[{"embeddable":true,"href":"https:\/\/www.europesays.com\/fr\/wp-json\/wp\/v2\/media\/50162"}],"wp:attachment":[{"href":"https:\/\/www.europesays.com\/fr\/wp-json\/wp\/v2\/media?parent=50161"}],"wp:term":[{"taxonomy":"category","embeddable":true,"href":"https:\/\/www.europesays.com\/fr\/wp-json\/wp\/v2\/categories?post=50161"},{"taxonomy":"post_tag","embeddable":true,"href":"https:\/\/www.europesays.com\/fr\/wp-json\/wp\/v2\/tags?post=50161"}],"curies":[{"name":"wp","href":"https:\/\/api.w.org\/{rel}","templated":true}]}}