{"id":501610,"date":"2025-10-31T06:16:12","date_gmt":"2025-10-31T06:16:12","guid":{"rendered":"https:\/\/www.europesays.com\/fr\/501610\/"},"modified":"2025-10-31T06:16:12","modified_gmt":"2025-10-31T06:16:12","slug":"ces-riveraines-contestent-la-pluie-de-contraventions-recues-dans-une-rue-de-meyzieu","status":"publish","type":"post","link":"https:\/\/www.europesays.com\/fr\/501610\/","title":{"rendered":"ces riveraines contestent la pluie de contraventions re\u00e7ues dans une rue de Meyzieu"},"content":{"rendered":"<p>Les travaux entrepris par la M\u00e9tropole de Lyon rue Joseph-Desbois, \u00e0 Meyzieu, perturbent fortement, depuis le 18\u00a0ao\u00fbt, la circulation automobile dans cette voie tr\u00e8s emprunt\u00e9e par les Majolans pour la travers\u00e9e sud\/nord\/sud de la ville.<\/p>\n<p>Mais les plus impact\u00e9s sont les riverains du quartier, contraints de se plier aux nouvelles r\u00e8gles provisoires qui ont, d\u2019apr\u00e8s eux, manqu\u00e9 de clart\u00e9.<\/p>\n<p>La cam\u00e9ra de vid\u00e9overbalisation mise en cause<\/p>\n<p>Elles sont six \u00e0 se r\u00e9unir pour faire part de leur m\u00e9contentement. \u00ab\u00a0On n\u2019est pas des d\u00e9linquantes et on accepte de respecter les lois. Mais dans notre cas, on estime avoir \u00e9t\u00e9 verbalis\u00e9es par l\u2019interm\u00e9diaire de la cam\u00e9ra de vid\u00e9osurveillance, alors que la signal\u00e9tique indiquant le sens de circulation \u00e9tait, soit absente, soit pas ou peu&#8230;<\/p>\n","protected":false},"excerpt":{"rendered":"Les travaux entrepris par la M\u00e9tropole de Lyon rue Joseph-Desbois, \u00e0 Meyzieu, perturbent fortement, depuis le 18\u00a0ao\u00fbt, la&hellip;\n","protected":false},"author":2,"featured_media":501611,"comment_status":"","ping_status":"","sticky":false,"template":"","format":"standard","meta":{"footnotes":""},"categories":[1889],"tags":[1111,11,2430,3542,3152,1777,674,1011,27,2428,12497,12,18283,25,2429,3151,2803],"class_list":{"0":"post-501610","1":"post","2":"type-post","3":"status-publish","4":"format-standard","5":"has-post-thumbnail","7":"category-lyon","8":"tag-actu","9":"tag-actualites","10":"tag-auvergne-rhone-alpes","11":"tag-circulation","12":"tag-edition-est-lyonnais","13":"tag-eu","14":"tag-europe","15":"tag-fr","16":"tag-france","17":"tag-lyon","18":"tag-meyzieu","19":"tag-news","20":"tag-plaine-de-lest","21":"tag-republique-francaise","22":"tag-rhone","23":"tag-selection-de-la-redaction-69","24":"tag-transport"},"share_on_mastodon":{"url":"https:\/\/pubeurope.com\/@fr\/115467320192193722","error":""},"_links":{"self":[{"href":"https:\/\/www.europesays.com\/fr\/wp-json\/wp\/v2\/posts\/501610","targetHints":{"allow":["GET"]}}],"collection":[{"href":"https:\/\/www.europesays.com\/fr\/wp-json\/wp\/v2\/posts"}],"about":[{"href":"https:\/\/www.europesays.com\/fr\/wp-json\/wp\/v2\/types\/post"}],"author":[{"embeddable":true,"href":"https:\/\/www.europesays.com\/fr\/wp-json\/wp\/v2\/users\/2"}],"replies":[{"embeddable":true,"href":"https:\/\/www.europesays.com\/fr\/wp-json\/wp\/v2\/comments?post=501610"}],"version-history":[{"count":0,"href":"https:\/\/www.europesays.com\/fr\/wp-json\/wp\/v2\/posts\/501610\/revisions"}],"wp:featuredmedia":[{"embeddable":true,"href":"https:\/\/www.europesays.com\/fr\/wp-json\/wp\/v2\/media\/501611"}],"wp:attachment":[{"href":"https:\/\/www.europesays.com\/fr\/wp-json\/wp\/v2\/media?parent=501610"}],"wp:term":[{"taxonomy":"category","embeddable":true,"href":"https:\/\/www.europesays.com\/fr\/wp-json\/wp\/v2\/categories?post=501610"},{"taxonomy":"post_tag","embeddable":true,"href":"https:\/\/www.europesays.com\/fr\/wp-json\/wp\/v2\/tags?post=501610"}],"curies":[{"name":"wp","href":"https:\/\/api.w.org\/{rel}","templated":true}]}}