{"id":501629,"date":"2025-10-31T06:29:28","date_gmt":"2025-10-31T06:29:28","guid":{"rendered":"https:\/\/www.europesays.com\/fr\/501629\/"},"modified":"2025-10-31T06:29:28","modified_gmt":"2025-10-31T06:29:28","slug":"allemagne-linflation-ipch-legerement-plus-elevee-quanticipe-30-10-2025-a-1413","status":"publish","type":"post","link":"https:\/\/www.europesays.com\/fr\/501629\/","title":{"rendered":"Allemagne : l&rsquo;inflation IPCH l\u00e9g\u00e8rement plus \u00e9lev\u00e9e qu&rsquo;anticip\u00e9 &#8211; 30\/10\/2025 \u00e0 14:13"},"content":{"rendered":"<p>\n (AOF) &#8211; Au mois d&rsquo;octobre, en Allemagne, l\u2019indice des prix \u00e0 la consommation a augment\u00e9 de 0,1% en rythme mensuel, contre +0,2% attendu, apr\u00e8s +0,2% en septembre. En rythme annuel, l\u2019inflation a affich\u00e9 une hausse de 2,3% conforme au consensus, apr\u00e8s +2,4% en septembre. L&rsquo;inflation IPCH &#8211; l&rsquo;inflation aux normes europ\u00e9ennes &#8211; est ressortie en rythme mensuel \u00e0 +0,3%, contre +0,2% attendu, apr\u00e8s une hausse de 0,2% en septembre. En rythme annuel, elle est ressortie \u00e0 +2,3%, contre un consensus de +2,2% et apr\u00e8s une hausse de 2,4% en septembre.<\/p>\n","protected":false},"excerpt":{"rendered":"(AOF) &#8211; Au mois d&rsquo;octobre, en Allemagne, l\u2019indice des prix \u00e0 la consommation a augment\u00e9 de 0,1% en&hellip;\n","protected":false},"author":2,"featured_media":15273,"comment_status":"","ping_status":"","sticky":false,"template":"","format":"standard","meta":{"footnotes":""},"categories":[1587],"tags":[400,11,672,398,408,1804,405,1805,1803,1777,674,1801,403,402,399,404,12,1802,401,406,407],"class_list":{"0":"post-501629","1":"post","2":"type-post","3":"status-publish","4":"format-standard","5":"has-post-thumbnail","7":"category-allemagne","8":"tag-action-cac-40","9":"tag-actualites","10":"tag-allemagne","11":"tag-bourse-de-paris","12":"tag-boursorama","13":"tag-bundesrepublik-deutschland","14":"tag-cotations","15":"tag-de","16":"tag-deutschland","17":"tag-eu","18":"tag-europe","19":"tag-germany","20":"tag-indices-devises","21":"tag-investir","22":"tag-investissement","23":"tag-marche-boursier","24":"tag-news","25":"tag-republique-federale-dallemagne","26":"tag-sicav","27":"tag-trackers","28":"tag-warrants"},"share_on_mastodon":{"url":"https:\/\/pubeurope.com\/@fr\/115467371746270522","error":""},"_links":{"self":[{"href":"https:\/\/www.europesays.com\/fr\/wp-json\/wp\/v2\/posts\/501629","targetHints":{"allow":["GET"]}}],"collection":[{"href":"https:\/\/www.europesays.com\/fr\/wp-json\/wp\/v2\/posts"}],"about":[{"href":"https:\/\/www.europesays.com\/fr\/wp-json\/wp\/v2\/types\/post"}],"author":[{"embeddable":true,"href":"https:\/\/www.europesays.com\/fr\/wp-json\/wp\/v2\/users\/2"}],"replies":[{"embeddable":true,"href":"https:\/\/www.europesays.com\/fr\/wp-json\/wp\/v2\/comments?post=501629"}],"version-history":[{"count":0,"href":"https:\/\/www.europesays.com\/fr\/wp-json\/wp\/v2\/posts\/501629\/revisions"}],"wp:featuredmedia":[{"embeddable":true,"href":"https:\/\/www.europesays.com\/fr\/wp-json\/wp\/v2\/media\/15273"}],"wp:attachment":[{"href":"https:\/\/www.europesays.com\/fr\/wp-json\/wp\/v2\/media?parent=501629"}],"wp:term":[{"taxonomy":"category","embeddable":true,"href":"https:\/\/www.europesays.com\/fr\/wp-json\/wp\/v2\/categories?post=501629"},{"taxonomy":"post_tag","embeddable":true,"href":"https:\/\/www.europesays.com\/fr\/wp-json\/wp\/v2\/tags?post=501629"}],"curies":[{"name":"wp","href":"https:\/\/api.w.org\/{rel}","templated":true}]}}