{"id":501632,"date":"2025-10-31T06:31:12","date_gmt":"2025-10-31T06:31:12","guid":{"rendered":"https:\/\/www.europesays.com\/fr\/501632\/"},"modified":"2025-10-31T06:31:12","modified_gmt":"2025-10-31T06:31:12","slug":"accords-suisse-ue-la-protection-contre-les-licenciements-ultime-pomme-de-discorde-entre-les-partenaires-sociaux","status":"publish","type":"post","link":"https:\/\/www.europesays.com\/fr\/501632\/","title":{"rendered":"Accords Suisse-UE: la protection contre les licenciements, ultime pomme de discorde entre les partenaires sociaux"},"content":{"rendered":"<p>    R\u00e9sum\u00e9 en 20 secondes<\/p>\n<p>        En savoir plus sur ce type de contenu<\/p>\n<p>Ce r\u00e9sum\u00e9 peut avoir \u00e9t\u00e9 \u00e9crit avec l&rsquo;assistance d\u2019une IA g\u00e9n\u00e9rative. <a href=\"https:\/\/www.letemps.ch\/cyber\/l-usage-de-l-ia-generative-par-les-journalistes-du-temps\" target=\"_blank\" rel=\"noopener\">En savoir plus<\/a><\/p>\n<p class=\"article__abstract-call-to-action\" data-ariato=\"TrackableElement\" data-trackable-element-type=\"article_abstract_cta\" data-trackable-element-location=\"article_header\" data-trackable-element-id=\"510697\">\n        <a data-event=\"click-&gt;clicked\" href=\"https:\/\/www.letemps.ch\/abonnements\" target=\"_blank\" rel=\"noopener\">Abonnez-vous<\/a> pour acc\u00e9der au r\u00e9sum\u00e9 en 20 secondes.\n      <\/p>\n<p>Le long processus politique du paquet d\u2019accords avec l\u2019Union europ\u00e9enne (UE) atteint une \u00e9tape cl\u00e9. La vaste consultation lanc\u00e9e par le Conseil f\u00e9d\u00e9ral en juin dernier s\u2019ach\u00e8ve ce vendredi. Initialement farouchement oppos\u00e9s aux nouveaux accords avec Bruxelles, les syndicats craignaient une pression \u00e0 la baisse sur les salaires. Apr\u00e8s 80 rondes de n\u00e9gociations, Conf\u00e9d\u00e9ration, cantons et partenaires sociaux sont finalement parvenus ce printemps \u00e0 un accord sur un ensemble de 13 mesures destin\u00e9es \u00e0 prot\u00e9ger les salaires.<\/p>\n<p>Mais le Conseil f\u00e9d\u00e9ral a d\u00e9cid\u00e9 d\u2019ajouter une 14e disposition, renfor\u00e7ant la protection contre le licenciement abusif des repr\u00e9sentants des travailleurs. Cette initiative vise \u00e9galement \u00e0 clore une vieille plainte syndicale de vingt\u00a0ans d\u00e9pos\u00e9e aupr\u00e8s de l\u2019Organisation internationale du travail (OIT).<\/p>\n","protected":false},"excerpt":{"rendered":"R\u00e9sum\u00e9 en 20 secondes En savoir plus sur ce type de contenu Ce r\u00e9sum\u00e9 peut avoir \u00e9t\u00e9 \u00e9crit&hellip;\n","protected":false},"author":2,"featured_media":501633,"comment_status":"","ping_status":"","sticky":false,"template":"","format":"standard","meta":{"footnotes":""},"categories":[1586],"tags":[11,1777,674,1779,1011,27,12,301,25,3847,1778,364],"class_list":{"0":"post-501632","1":"post","2":"type-post","3":"status-publish","4":"format-standard","5":"has-post-thumbnail","7":"category-europe","8":"tag-actualites","9":"tag-eu","10":"tag-europe","11":"tag-european-union","12":"tag-fr","13":"tag-france","14":"tag-news","15":"tag-premium","16":"tag-republique-francaise","17":"tag-travail","18":"tag-ue","19":"tag-union-europeenne"},"share_on_mastodon":{"url":"https:\/\/pubeurope.com\/@fr\/115467379207964625","error":""},"_links":{"self":[{"href":"https:\/\/www.europesays.com\/fr\/wp-json\/wp\/v2\/posts\/501632","targetHints":{"allow":["GET"]}}],"collection":[{"href":"https:\/\/www.europesays.com\/fr\/wp-json\/wp\/v2\/posts"}],"about":[{"href":"https:\/\/www.europesays.com\/fr\/wp-json\/wp\/v2\/types\/post"}],"author":[{"embeddable":true,"href":"https:\/\/www.europesays.com\/fr\/wp-json\/wp\/v2\/users\/2"}],"replies":[{"embeddable":true,"href":"https:\/\/www.europesays.com\/fr\/wp-json\/wp\/v2\/comments?post=501632"}],"version-history":[{"count":0,"href":"https:\/\/www.europesays.com\/fr\/wp-json\/wp\/v2\/posts\/501632\/revisions"}],"wp:featuredmedia":[{"embeddable":true,"href":"https:\/\/www.europesays.com\/fr\/wp-json\/wp\/v2\/media\/501633"}],"wp:attachment":[{"href":"https:\/\/www.europesays.com\/fr\/wp-json\/wp\/v2\/media?parent=501632"}],"wp:term":[{"taxonomy":"category","embeddable":true,"href":"https:\/\/www.europesays.com\/fr\/wp-json\/wp\/v2\/categories?post=501632"},{"taxonomy":"post_tag","embeddable":true,"href":"https:\/\/www.europesays.com\/fr\/wp-json\/wp\/v2\/tags?post=501632"}],"curies":[{"name":"wp","href":"https:\/\/api.w.org\/{rel}","templated":true}]}}